{"id":15506,"date":"2021-06-10T14:27:50","date_gmt":"2021-06-10T12:27:50","guid":{"rendered":"https:\/\/www.medizinfuchs.de\/blog\/?p=15506"},"modified":"2025-07-08T17:54:06","modified_gmt":"2025-07-08T15:54:06","slug":"long-covid-langzeitfolgen-nach-einer-covid-19-infektion","status":"publish","type":"post","link":"https:\/\/www.medizinfuchs.de\/blog\/corona\/long-covid-langzeitfolgen-nach-einer-covid-19-infektion\/","title":{"rendered":"Long-COVID &#8211; Langzeitfolgen nach einer COVID-19-Infektion"},"content":{"rendered":"\n<div class=\"mks_pullquote mks_pullquote_left\" style=\"width: 300px;font-size: 16px;color: #ffffff;background-color: #e64511\">\n<p>Viruserkrankungen sind oft t\u00fcckisch. Betroffene leiden noch lange nach einer \u00fcberstandenen Infektion unter den Symptomen. So ist es auch bei COVID-19 der Fall. Hier erfahren Sie wichtige Details \u00fcber die m\u00f6glichen Sp\u00e4tfolgen einer Infektion mit SARS-CoV-2, auch Post-COVID-Syndrom oder Long-COVID genannt.\n<\/p><\/div>\n\n\n\n<p>Mit zunehmender Pandemiedauer zeichnen sich die gesundheitlichen Sch\u00e4den immer deutlicher ab, die das <a href=\"https:\/\/www.medizinfuchs.de\/blog\/corona\/coronavirus-was-ist-covid-19-und-wann-besteht-gefahr\/\">Coronavirus<\/a> bei manchen Betroffenen anrichten kann. 10 bis 20 % der Betroffenen leiden noch nach Wochen oder sogar Monaten an den Sp\u00e4tfolgen (Long-COVID) der Infektion, ganz gleich, ob es sich dabei um einen milden oder schweren Verlauf der Erkrankung handelt. Da das Coronavirus ein Multiorganvirus ist, umfassen die bisher beobachteten Sp\u00e4tfolgen ganz verschiedene Symptome.<\/p>\n\n\n\n<h2 class=\"wp-block-heading\">Was ist Long-COVID oder das Post-COVID-Syndrom?<\/h2>\n\n\n\n<p>Da das Virus SARS-CoV-2 ein neuartiges Virus ist, gibt es noch keine eindeutige Definition f\u00fcr die m\u00f6glichen Sp\u00e4tfolgen und Langzeitwirkungen der COVID-19 Erkrankung. Die Bezeichnungen haben Betroffene selbst ins Leben gerufen. Dar\u00fcber hinaus ist das Post-COVID-Syndrom kein einheitliches Ph\u00e4nomen. Es treten vielmehr ganz verschiedene Krankheitsbilder auf. Sie k\u00f6nnen parallel in verschiedenen Auspr\u00e4gungen und zeitversetzt auftreten.<\/p>\n\n\n\n<p>Die Post-COVID-Patienten sind zwar klinisch genesen und tragen keine nachweisbaren Coronaviren mehr in ihrem Organismus, jedoch leiden sie noch lange Zeit unter zum Teil sehr heftigen Beschwerden. Das Post-COVID-Syndrom betrifft neben der Lunge auch zahlreiche andere Organe wie Herz, Niere, Gehirn, Leber, Nervensystem, Stoffwechsel und Muskelapparat. Die verschiedenen Symptome der bislang beobachteten Sp\u00e4tfolgen einer COVID-19-Erkrankung sind recht umfassend.<\/p>\n\n\n\n<figure class=\"wp-block-gallery has-nested-images columns-default is-cropped wp-block-gallery-1 is-layout-flex wp-block-gallery-is-layout-flex\">\n<figure class=\"wp-block-image size-large\"><img loading=\"lazy\" decoding=\"async\" width=\"1024\" height=\"681\" data-id=\"15519\" src=\"https:\/\/www.medizinfuchs.de\/blog\/wp-content\/uploads\/2021\/06\/Frau_Luftnot-1024x681.jpg\" alt=\"Frau mit einer Atemmaske\" class=\"wp-image-15519\" srcset=\"https:\/\/www.medizinfuchs.de\/blog\/wp-content\/uploads\/2021\/06\/Frau_Luftnot-1024x681.jpg 1024w, https:\/\/www.medizinfuchs.de\/blog\/wp-content\/uploads\/2021\/06\/Frau_Luftnot-300x200.jpg 300w, https:\/\/www.medizinfuchs.de\/blog\/wp-content\/uploads\/2021\/06\/Frau_Luftnot-768x511.jpg 768w, https:\/\/www.medizinfuchs.de\/blog\/wp-content\/uploads\/2021\/06\/Frau_Luftnot-1536x1022.jpg 1536w, https:\/\/www.medizinfuchs.de\/blog\/wp-content\/uploads\/2021\/06\/Frau_Luftnot-2048x1363.jpg 2048w, https:\/\/www.medizinfuchs.de\/blog\/wp-content\/uploads\/2021\/06\/Frau_Luftnot-410x273.jpg 410w, https:\/\/www.medizinfuchs.de\/blog\/wp-content\/uploads\/2021\/06\/Frau_Luftnot-810x539.jpg 810w, https:\/\/www.medizinfuchs.de\/blog\/wp-content\/uploads\/2021\/06\/Frau_Luftnot-1140x759.jpg 1140w\" sizes=\"auto, (max-width: 1024px) 100vw, 1024px\" \/><\/figure>\n<\/figure>\n\n\n\n<h2 class=\"wp-block-heading\">Es k\u00f6nnen dauerhafte Lungensch\u00e4den auftreten<\/h2>\n\n\n\n<p>Bei manchen Betroffenen, besonders bei denen, die im Krankenhaus behandelt und beatmet wurden, erholt sich die Lunge nicht immer vollst\u00e4ndig. Sobald die Lungenbl\u00e4schen zerst\u00f6rt sind, vernarbt das Lungengewebe, sodass es f\u00fcr den Gasaustausch ausf\u00e4llt. Dadurch kann immer weniger Sauerstoff von der Lunge in die Blutbahn gelangen und die Betroffenen sind auf eine Sauerstoff-Therapie angewiesen. Sogar bei j\u00fcngeren Betroffenen und einem milden Verlauf kann eine gewisse Kurzatmigkeit bleiben. Auch f\u00fcr sie ist Treppensteigen pl\u00f6tzlich eine gro\u00dfe Belastung.<\/p>\n\n\n\n<p>Weitere Atemprobleme k\u00f6nnen zum Beispiel sein:<\/p>\n\n\n\n<ul class=\"wp-block-list\">\n<li>Atmungsschw\u00e4che, die ein tiefes Einatmen n\u00f6tig macht<\/li>\n\n\n\n<li>Luftnot bei Anstrengung<\/li>\n\n\n\n<li>h\u00e4ufiges Husten durch \u00dcberempfindlichkeit<\/li>\n<\/ul>\n\n\n\n<h2 class=\"wp-block-heading\">Chronische Ersch\u00f6pfung ist ein gro\u00dfes Problem<\/h2>\n\n\n\n<p>Bei Betroffenen tritt h\u00e4ufig eine totale <a href=\"https:\/\/www.medizinfuchs.de\/arzneimittel-weiteres\/nerven-psyche\/erschoepfung-muedigkeit-k3706.phtml\" target=\"_blank\" rel=\"noreferrer noopener\">Ersch\u00f6pfung<\/a> auf, die sogenannte <a href=\"https:\/\/de.wikipedia.org\/wiki\/Fatigue\" target=\"_blank\" rel=\"noreferrer noopener\">Fatigue<\/a>, die meist von <a href=\"https:\/\/www.medizinfuchs.de\/arzneimittel-weiteres\/schmerzen\/kopf-zahnschmerzen\/kopfschmerzen-k128.phtml\" target=\"_blank\" rel=\"noreferrer noopener\">Kopf<\/a>&#8211; und <a href=\"https:\/\/www.medizinfuchs.de\/arzneimittel-weiteres\/schmerzen\/schmerzen-gelenke\/muskeln-knochen-gelenke\/muskel-wadenkraempfe-k967.phtml\" target=\"_blank\" rel=\"noreferrer noopener\">Muskelschmerzen<\/a> begleitet wird. Im schlimmsten Fall kann sie chronisch werden. Als Fatigue wird ein Gef\u00fchl lang anhaltender Antriebslosigkeit, Ersch\u00f6pfung und M\u00fcdigkeit bezeichnet, die h\u00e4ufig eine Begleiterscheinung chronischer Erkrankungen wie Rheuma oder Krebs ist. Die Ursachen, warum sie auch bei COVID-19 auftritt, sind noch nicht ausreichend erforscht. Experten vermuten, dass es nicht das Virus selbst ist, sondern das eigene Immunsystem, das sich nach der Infektionserkrankung noch nicht wieder beruhigt hat.<\/p>\n\n\n\n<figure class=\"wp-block-gallery has-nested-images columns-default is-cropped wp-block-gallery-2 is-layout-flex wp-block-gallery-is-layout-flex\">\n<figure class=\"wp-block-image size-large\"><img loading=\"lazy\" decoding=\"async\" width=\"1024\" height=\"683\" data-id=\"15518\" src=\"https:\/\/www.medizinfuchs.de\/blog\/wp-content\/uploads\/2021\/06\/Long-Covid-1024x683.jpg\" alt=\"Mann mit Ersch\u00f6pfung nach Corona-Infektion und Long-COVID\" class=\"wp-image-15518\" srcset=\"https:\/\/www.medizinfuchs.de\/blog\/wp-content\/uploads\/2021\/06\/Long-Covid-1024x683.jpg 1024w, https:\/\/www.medizinfuchs.de\/blog\/wp-content\/uploads\/2021\/06\/Long-Covid-300x200.jpg 300w, https:\/\/www.medizinfuchs.de\/blog\/wp-content\/uploads\/2021\/06\/Long-Covid-768x512.jpg 768w, https:\/\/www.medizinfuchs.de\/blog\/wp-content\/uploads\/2021\/06\/Long-Covid-1536x1024.jpg 1536w, https:\/\/www.medizinfuchs.de\/blog\/wp-content\/uploads\/2021\/06\/Long-Covid-2048x1365.jpg 2048w, https:\/\/www.medizinfuchs.de\/blog\/wp-content\/uploads\/2021\/06\/Long-Covid-410x273.jpg 410w, https:\/\/www.medizinfuchs.de\/blog\/wp-content\/uploads\/2021\/06\/Long-Covid-810x540.jpg 810w, https:\/\/www.medizinfuchs.de\/blog\/wp-content\/uploads\/2021\/06\/Long-Covid-1140x760.jpg 1140w\" sizes=\"auto, (max-width: 1024px) 100vw, 1024px\" \/><\/figure>\n<\/figure>\n\n\n\n<h2 class=\"wp-block-heading\">Es k\u00f6nnen s\u00e4mtliche Organe vom Post-COVID-Syndrom betroffen sein<\/h2>\n\n\n\n<p>Nicht nur Lungensch\u00e4den k\u00f6nnen eine Kurzatmigkeit ausl\u00f6sen, sondern auch eine durch Coronaviren hervorgerufene Herzmuskelentz\u00fcndung, die die Atmung ebenfalls stark beeintr\u00e4chtigen kann. Auch wenn das Ausma\u00df aller m\u00f6glichen Langzeitfolgen von Corona noch nicht erforscht ist, sicher ist auf jeden Fall, dass die Zellen des gesamten K\u00f6rpers infiziert sein k\u00f6nnen. Das bedeutet, auch der Darm, die Niere, das Gehirn und alle wichtigen Gef\u00e4\u00dfe k\u00f6nnen zum Beispiel betroffen sein.<\/p>\n\n\n\n<p>Sofern das Gehirn betroffen ist vermuten Experten, dass sich damit das Risiko f\u00fcr eine Demenzerkrankung im fortgeschrittenen Alter erh\u00f6ht. Dar\u00fcber hinaus beschleunigt das Coronavirus auch die Alterungsprozesse der inneren Organe. Die Wissenschaftler vermuten, dass auch andere Krankheiten, die nicht sofort mit einer durchgestandenen Infektion mit SARS-CoV-2 in Verbindung gebracht werden, noch Jahre sp\u00e4ter auftreten k\u00f6nnen.<\/p>\n\n\n\n<h2 class=\"wp-block-heading\">Typische Nerven- und Muskelschw\u00e4che nach Langzeitbeatmung<\/h2>\n\n\n\n<p>Patienten weisen gerade nach einer l\u00e4ngeren intensivmedizinischen Behandlung eine Nerven- und Muskelschw\u00e4che auf. Sie wird auch als Critical Illness-Myopathie und Critical Illness-Neuropathie bezeichnet. Sie tritt auch bei anderen Krankheitsbildern mit Langzeitbeatmen auf. Entscheidend ist hierbei die Langzeitbeatmung und nicht das Virus selbst.<\/p>\n\n\n\n<p>Weitere m\u00f6gliche Symptome des Post-COVID-Syndroms:<\/p>\n\n\n\n<ul class=\"wp-block-list\">\n<li><a href=\"https:\/\/www.medizinfuchs.de\/arzneimittel-weiteres\/schmerzen\/schmerzmittel\/kopfschmerzen-migraene-k3075.phtml\" target=\"_blank\" rel=\"noreferrer noopener\">Kopfschmerzen<\/a><\/li>\n\n\n\n<li>Kribbelpar\u00e4sthesien<\/li>\n\n\n\n<li>Taubheitsgef\u00fchle<\/li>\n\n\n\n<li>Myalgie<\/li>\n\n\n\n<li>Verlust des Geschmacks- und Geruchssinns<\/li>\n\n\n\n<li><a href=\"https:\/\/www.medizinfuchs.de\/arzneimittel-weiteres\/beruhigung-schlaf\/schlafstoerungen-k1846.phtml\" target=\"_blank\" rel=\"noreferrer noopener\">Schlafst\u00f6rungen<\/a><\/li>\n\n\n\n<li><a href=\"https:\/\/www.medizinfuchs.de\/arzneimittel-weiteres\/muskeln-knochen-gelenke\/muskel-gelenkschmerzen-k141.phtml\" target=\"_blank\" rel=\"noreferrer noopener\">Gelenkschmerzen<\/a><\/li>\n\n\n\n<li><a href=\"https:\/\/www.medizinfuchs.de\/arzneimittel-weiteres\/augen-ohren-nase\/ohren\/schwindel-k3115.phtml\" target=\"_blank\" rel=\"noreferrer noopener\">Schwindel<\/a><\/li>\n\n\n\n<li><a href=\"https:\/\/www.medizinfuchs.de\/arzneimittel-weiteres\/herz-kreislauf-gefaesse-k12.phtml\" target=\"_blank\" rel=\"noreferrer noopener\">Herz-Kreislauf-Beschwerden<\/a><\/li>\n\n\n\n<li><a href=\"https:\/\/www.medizinfuchs.de\/arzneimittel-weiteres\/nerven-psyche\/depressionen-angst-k59.phtml\" target=\"_blank\" rel=\"noreferrer noopener\">Depressionen<\/a><\/li>\n\n\n\n<li><a href=\"https:\/\/www.medizinfuchs.de\/arzneimittel-weiteres\/nerven-psyche\/ruhe-konzentration-k3023.phtml\" target=\"_blank\" rel=\"noreferrer noopener\">Konzentrationsprobleme<\/a><\/li>\n\n\n\n<li>Sprachschwierigkeiten<\/li>\n\n\n\n<li>Vergesslichkeit<\/li>\n\n\n\n<li>Probleme beim Erfassen von Textinhalten<\/li>\n\n\n\n<li><a href=\"https:\/\/www.medizinfuchs.de\/arzneimittel-weiteres\/nerven-psyche\/depressionen-angst-k59.phtml\" target=\"_blank\" rel=\"noreferrer noopener\">Angstst\u00f6rungen<\/a><\/li>\n\n\n\n<li>posttraumatische Belastungsst\u00f6rung (PTBS)<\/li>\n\n\n\n<li>unklare Hautver\u00e4nderungen<\/li>\n\n\n\n<li>Mikrozirkulationsst\u00f6rungen (Durchblutungsst\u00f6rungen in den kleinen Arterien)<\/li>\n\n\n\n<li>Erkrankungen des peripheren Nervensystems (Neuropathien)<\/li>\n\n\n\n<li>m\u00f6gliche Verschlimmerung von Autoimmunerkrankungen<\/li>\n\n\n\n<li>m\u00f6gliches erstmaliges Auftreten von Autoimmunerkrankungen<\/li>\n<\/ul>\n\n\n\n<h2 class=\"wp-block-heading\">Long-COVID-Ursachen m\u00fcssen noch gefunden werden<\/h2>\n\n\n\n<p>Forscher k\u00f6nnen noch nicht abschlie\u00dfend beurteilen, ob Post-COVID-Symptome allgemein bei Corona h\u00e4ufiger auftreten oder nur zurzeit h\u00e4ufiger sind. Da in pandemischen Zeiten auch viele St\u00f6rfaktoren auftreten, die sich gesundheitlich bemerkbar machen k\u00f6nnen, bleibt den Forschern und \u00c4rzten nichts anderes \u00fcbrig, als Infizierte weiterhin zu untersuchen, zu begleiten, zu dokumentieren und gegebenenfalls Studien durchzuf\u00fchren. Mit systematischen Analysen m\u00fcssen sie verschiedene wichtige Fragen kl\u00e4ren wie beispielsweise: Warum leidet nur ein bestimmter Teil der Erkrankten an den erheblichen Langzeitfolgen und andere Betroffene nicht?<\/p>\n\n\n\n<figure class=\"wp-block-gallery has-nested-images columns-default is-cropped wp-block-gallery-3 is-layout-flex wp-block-gallery-is-layout-flex\">\n<figure class=\"wp-block-image size-large\"><img loading=\"lazy\" decoding=\"async\" width=\"1024\" height=\"683\" data-id=\"15520\" src=\"https:\/\/www.medizinfuchs.de\/blog\/wp-content\/uploads\/2021\/06\/Labor_Wissenschaftler-1024x683.jpg\" alt=\"Long-COVID - Forschung nach dem Grund von Long-Covid\" class=\"wp-image-15520\" srcset=\"https:\/\/www.medizinfuchs.de\/blog\/wp-content\/uploads\/2021\/06\/Labor_Wissenschaftler-1024x683.jpg 1024w, https:\/\/www.medizinfuchs.de\/blog\/wp-content\/uploads\/2021\/06\/Labor_Wissenschaftler-300x200.jpg 300w, https:\/\/www.medizinfuchs.de\/blog\/wp-content\/uploads\/2021\/06\/Labor_Wissenschaftler-768x512.jpg 768w, https:\/\/www.medizinfuchs.de\/blog\/wp-content\/uploads\/2021\/06\/Labor_Wissenschaftler-1536x1024.jpg 1536w, https:\/\/www.medizinfuchs.de\/blog\/wp-content\/uploads\/2021\/06\/Labor_Wissenschaftler-2048x1365.jpg 2048w, https:\/\/www.medizinfuchs.de\/blog\/wp-content\/uploads\/2021\/06\/Labor_Wissenschaftler-410x273.jpg 410w, https:\/\/www.medizinfuchs.de\/blog\/wp-content\/uploads\/2021\/06\/Labor_Wissenschaftler-810x540.jpg 810w, https:\/\/www.medizinfuchs.de\/blog\/wp-content\/uploads\/2021\/06\/Labor_Wissenschaftler-1140x760.jpg 1140w\" sizes=\"auto, (max-width: 1024px) 100vw, 1024px\" \/><\/figure>\n<\/figure>\n\n\n\n<h2 class=\"wp-block-heading\">Je nach Symptom gibt es verschiedene Therapiem\u00f6glichkeiten<\/h2>\n\n\n\n<p>Das k\u00f6nnen zum Beispiel sein:<\/p>\n\n\n\n<ul class=\"wp-block-list\">\n<li>kognitive Verhaltenstherapie oder tiefenpsychologische Methoden<\/li>\n\n\n\n<li>spezielle Konzepte f\u00fcr die Behandlung einer posttraumatischen Belastungsst\u00f6rung<\/li>\n\n\n\n<li>angstl\u00f6sende Medikamente<\/li>\n\n\n\n<li>Geruchs- und Geschmackstraining bei Beeintr\u00e4chtigung des Geruchs- und Geschmackssinns<\/li>\n\n\n\n<li>kardiologisches Rehabilitationsprogramm<\/li>\n\n\n\n<li>Blutgerinnungshemmer zur Vorbeugung von Thrombosen<\/li>\n\n\n\n<li>reflektorische Atemtherapie<\/li>\n\n\n\n<li>Vermeidung von Stresssituationen<\/li>\n\n\n\n<li>Entspannungstechniken wie Yoga, Meditation, autogenes Training oder Atem\u00fcbungen<\/li>\n\n\n\n<li>ausreichend Schlaf<\/li>\n\n\n\n<li>F\u00f6rderung des normalen Tag-Nacht-Rhythmus<\/li>\n<\/ul>\n\n\n\n<h2 class=\"wp-block-heading\">Post-COVID-Ambulanzen und Selbsthilfegruppen bieten Unterst\u00fctzung<\/h2>\n\n\n\n<p>Die Sp\u00e4tsymptome einer durchmachten SARS-CoV-2-Infektion sind sehr unspezifisch und daher manchmal sehr schwer zu beurteilen. Deshalb ist es f\u00fcr Betroffene ratsam, in Bezug auf eventuell bleibende Sch\u00e4den sich regelm\u00e4\u00dfig in eine extra daf\u00fcr eingerichteten Post-COVID-Ambulanz vorzustellen. Auch Selbsthilfegruppen sind eine gro\u00dfartige Unterst\u00fctzung f\u00fcr Betroffene.<\/p>\n\n\n\n<h2 class=\"wp-block-heading\">Haben Sie Erfahrungen mit Long-COVID? Was tun Sie, damit Sie sich besser f\u00fchlen? Wir freuen uns auf Ihren Kommentar.<\/h2>\n","protected":false},"excerpt":{"rendered":"<p>Viruserkrankungen sind oft t\u00fcckisch. Betroffene leiden noch lange nach einer \u00fcberstandenen Infektion unter den Symptomen. So ist es auch bei COVID-19 der Fall. Hier erfahren Sie wichtige Details \u00fcber die m\u00f6glichen Sp\u00e4tfolgen einer Infektion mit SARS-CoV-2, auch Post-COVID-Syndrom oder Long-COVID genannt. Mit zunehmender Pandemiedauer zeichnen sich die gesundheitlichen Sch\u00e4den immer deutlicher ab, die das Coronavirus [&hellip;]<\/p>\n","protected":false},"author":19,"featured_media":15521,"comment_status":"open","ping_status":"open","sticky":false,"template":"","format":"standard","meta":{"footnotes":""},"categories":[1609],"tags":[1693,1495,1595,1594,1691,1608,1692,1596],"class_list":["post-15506","post","type-post","status-publish","format-standard","has-post-thumbnail","hentry","category-corona","tag-chronische-erschoepfung","tag-corona","tag-coronavirus","tag-covid-19","tag-long-covid","tag-pandemie","tag-post-covid","tag-sars-cov-2"],"yoast_head":"<!-- This site is optimized with the Yoast SEO plugin v27.4 - https:\/\/yoast.com\/product\/yoast-seo-wordpress\/ -->\n<title>Long-COVID - Langzeitfolgen nach einer COVID-19-Infektion<\/title>\n<meta name=\"description\" content=\"Viele Menschen, die sich mit SARS-CoV-2 infiziert haben, leiden auch viele Monate sp\u00e4ter an Symptomen. Mehr \u00fcber Long-COVID in unserem Blog.\" \/>\n<meta name=\"robots\" content=\"index, follow, max-snippet:-1, max-image-preview:large, max-video-preview:-1\" \/>\n<link rel=\"canonical\" href=\"https:\/\/www.medizinfuchs.de\/blog\/corona\/long-covid-langzeitfolgen-nach-einer-covid-19-infektion\/\" \/>\n<meta property=\"og:locale\" content=\"de_DE\" \/>\n<meta property=\"og:type\" content=\"article\" \/>\n<meta property=\"og:title\" content=\"Long-COVID - Langzeitfolgen nach einer COVID-19-Infektion\" \/>\n<meta property=\"og:description\" content=\"Viele Menschen, die sich mit SARS-CoV-2 infiziert haben, leiden auch viele Monate sp\u00e4ter an Symptomen. Mehr \u00fcber Long-COVID in unserem Blog.\" \/>\n<meta property=\"og:url\" content=\"https:\/\/www.medizinfuchs.de\/blog\/corona\/long-covid-langzeitfolgen-nach-einer-covid-19-infektion\/\" \/>\n<meta property=\"og:site_name\" content=\"medizinfuchs Blog\" \/>\n<meta property=\"article:publisher\" content=\"https:\/\/www.facebook.com\/medizinfuchs\" \/>\n<meta property=\"article:author\" content=\"https:\/\/www.facebook.com\/medizinfuchs\" \/>\n<meta property=\"article:published_time\" content=\"2021-06-10T12:27:50+00:00\" \/>\n<meta property=\"article:modified_time\" content=\"2025-07-08T15:54:06+00:00\" \/>\n<meta property=\"og:image\" content=\"https:\/\/www.medizinfuchs.de\/blog\/wp-content\/uploads\/2021\/06\/Long_Covid_Frau.jpg\" \/>\n\t<meta property=\"og:image:width\" content=\"2121\" \/>\n\t<meta property=\"og:image:height\" content=\"1414\" \/>\n\t<meta property=\"og:image:type\" content=\"image\/jpeg\" \/>\n<meta name=\"author\" content=\"medizinfuchs Redaktion\" \/>\n<meta name=\"twitter:card\" content=\"summary_large_image\" \/>\n<meta name=\"twitter:creator\" content=\"@https:\/\/twitter.com\/medizinfuchs\" \/>\n<meta name=\"twitter:site\" content=\"@medizinfuchs\" \/>\n<meta name=\"twitter:label1\" content=\"Verfasst von\" \/>\n\t<meta name=\"twitter:data1\" content=\"medizinfuchs Redaktion\" \/>\n\t<meta name=\"twitter:label2\" content=\"Gesch\u00e4tzte Lesezeit\" \/>\n\t<meta name=\"twitter:data2\" content=\"6\u00a0Minuten\" \/>\n<script type=\"application\/ld+json\" class=\"yoast-schema-graph\">{\"@context\":\"https:\\\/\\\/schema.org\",\"@graph\":[{\"@type\":[\"Article\",\"BlogPosting\"],\"@id\":\"https:\\\/\\\/www.medizinfuchs.de\\\/blog\\\/corona\\\/long-covid-langzeitfolgen-nach-einer-covid-19-infektion\\\/#article\",\"isPartOf\":{\"@id\":\"https:\\\/\\\/www.medizinfuchs.de\\\/blog\\\/corona\\\/long-covid-langzeitfolgen-nach-einer-covid-19-infektion\\\/\"},\"author\":{\"name\":\"medizinfuchs Redaktion\",\"@id\":\"https:\\\/\\\/www.medizinfuchs.de\\\/blog\\\/#\\\/schema\\\/person\\\/b0f7c84dfbefe8c55e13eb969d37c7e9\"},\"headline\":\"Long-COVID &#8211; Langzeitfolgen nach einer COVID-19-Infektion\",\"datePublished\":\"2021-06-10T12:27:50+00:00\",\"dateModified\":\"2025-07-08T15:54:06+00:00\",\"mainEntityOfPage\":{\"@id\":\"https:\\\/\\\/www.medizinfuchs.de\\\/blog\\\/corona\\\/long-covid-langzeitfolgen-nach-einer-covid-19-infektion\\\/\"},\"wordCount\":966,\"commentCount\":8,\"publisher\":{\"@id\":\"https:\\\/\\\/www.medizinfuchs.de\\\/blog\\\/#organization\"},\"image\":{\"@id\":\"https:\\\/\\\/www.medizinfuchs.de\\\/blog\\\/corona\\\/long-covid-langzeitfolgen-nach-einer-covid-19-infektion\\\/#primaryimage\"},\"thumbnailUrl\":\"https:\\\/\\\/www.medizinfuchs.de\\\/blog\\\/wp-content\\\/uploads\\\/2021\\\/06\\\/Long_Covid_Frau.jpg\",\"keywords\":[\"chronische Ersch\u00f6pfung\",\"Corona\",\"Coronavirus\",\"COVID-19\",\"Long-COVID\",\"Pandemie\",\"Post-COVID\",\"SARS-CoV-2\"],\"articleSection\":[\"Corona\"],\"inLanguage\":\"de\",\"potentialAction\":[{\"@type\":\"CommentAction\",\"name\":\"Comment\",\"target\":[\"https:\\\/\\\/www.medizinfuchs.de\\\/blog\\\/corona\\\/long-covid-langzeitfolgen-nach-einer-covid-19-infektion\\\/#respond\"]}]},{\"@type\":\"WebPage\",\"@id\":\"https:\\\/\\\/www.medizinfuchs.de\\\/blog\\\/corona\\\/long-covid-langzeitfolgen-nach-einer-covid-19-infektion\\\/\",\"url\":\"https:\\\/\\\/www.medizinfuchs.de\\\/blog\\\/corona\\\/long-covid-langzeitfolgen-nach-einer-covid-19-infektion\\\/\",\"name\":\"Long-COVID - Langzeitfolgen nach einer COVID-19-Infektion\",\"isPartOf\":{\"@id\":\"https:\\\/\\\/www.medizinfuchs.de\\\/blog\\\/#website\"},\"primaryImageOfPage\":{\"@id\":\"https:\\\/\\\/www.medizinfuchs.de\\\/blog\\\/corona\\\/long-covid-langzeitfolgen-nach-einer-covid-19-infektion\\\/#primaryimage\"},\"image\":{\"@id\":\"https:\\\/\\\/www.medizinfuchs.de\\\/blog\\\/corona\\\/long-covid-langzeitfolgen-nach-einer-covid-19-infektion\\\/#primaryimage\"},\"thumbnailUrl\":\"https:\\\/\\\/www.medizinfuchs.de\\\/blog\\\/wp-content\\\/uploads\\\/2021\\\/06\\\/Long_Covid_Frau.jpg\",\"datePublished\":\"2021-06-10T12:27:50+00:00\",\"dateModified\":\"2025-07-08T15:54:06+00:00\",\"description\":\"Viele Menschen, die sich mit SARS-CoV-2 infiziert haben, leiden auch viele Monate sp\u00e4ter an Symptomen. Mehr \u00fcber Long-COVID in unserem Blog.\",\"breadcrumb\":{\"@id\":\"https:\\\/\\\/www.medizinfuchs.de\\\/blog\\\/corona\\\/long-covid-langzeitfolgen-nach-einer-covid-19-infektion\\\/#breadcrumb\"},\"inLanguage\":\"de\",\"potentialAction\":[{\"@type\":\"ReadAction\",\"target\":[\"https:\\\/\\\/www.medizinfuchs.de\\\/blog\\\/corona\\\/long-covid-langzeitfolgen-nach-einer-covid-19-infektion\\\/\"]}]},{\"@type\":\"ImageObject\",\"inLanguage\":\"de\",\"@id\":\"https:\\\/\\\/www.medizinfuchs.de\\\/blog\\\/corona\\\/long-covid-langzeitfolgen-nach-einer-covid-19-infektion\\\/#primaryimage\",\"url\":\"https:\\\/\\\/www.medizinfuchs.de\\\/blog\\\/wp-content\\\/uploads\\\/2021\\\/06\\\/Long_Covid_Frau.jpg\",\"contentUrl\":\"https:\\\/\\\/www.medizinfuchs.de\\\/blog\\\/wp-content\\\/uploads\\\/2021\\\/06\\\/Long_Covid_Frau.jpg\",\"width\":2121,\"height\":1414,\"caption\":\"Long-COVID - Frau mit Problemen nach Covid-Erkrankung\"},{\"@type\":\"BreadcrumbList\",\"@id\":\"https:\\\/\\\/www.medizinfuchs.de\\\/blog\\\/corona\\\/long-covid-langzeitfolgen-nach-einer-covid-19-infektion\\\/#breadcrumb\",\"itemListElement\":[{\"@type\":\"ListItem\",\"position\":1,\"name\":\"Startseite\",\"item\":\"https:\\\/\\\/www.medizinfuchs.de\\\/blog\\\/\"},{\"@type\":\"ListItem\",\"position\":2,\"name\":\"Long-COVID &#8211; Langzeitfolgen nach einer COVID-19-Infektion\"}]},{\"@type\":\"WebSite\",\"@id\":\"https:\\\/\\\/www.medizinfuchs.de\\\/blog\\\/#website\",\"url\":\"https:\\\/\\\/www.medizinfuchs.de\\\/blog\\\/\",\"name\":\"medizinfuchs Blog\",\"description\":\"Das Blog von medizinfuchs\",\"publisher\":{\"@id\":\"https:\\\/\\\/www.medizinfuchs.de\\\/blog\\\/#organization\"},\"potentialAction\":[{\"@type\":\"SearchAction\",\"target\":{\"@type\":\"EntryPoint\",\"urlTemplate\":\"https:\\\/\\\/www.medizinfuchs.de\\\/blog\\\/?s={search_term_string}\"},\"query-input\":{\"@type\":\"PropertyValueSpecification\",\"valueRequired\":true,\"valueName\":\"search_term_string\"}}],\"inLanguage\":\"de\"},{\"@type\":\"Organization\",\"@id\":\"https:\\\/\\\/www.medizinfuchs.de\\\/blog\\\/#organization\",\"name\":\"Medizinfuchs\",\"url\":\"https:\\\/\\\/www.medizinfuchs.de\\\/blog\\\/\",\"logo\":{\"@type\":\"ImageObject\",\"inLanguage\":\"de\",\"@id\":\"https:\\\/\\\/www.medizinfuchs.de\\\/blog\\\/#\\\/schema\\\/logo\\\/image\\\/\",\"url\":\"https:\\\/\\\/www.medizinfuchs.de\\\/blog\\\/wp-content\\\/uploads\\\/2016\\\/05\\\/medizinfuchs_logo_blog_kl.png\",\"contentUrl\":\"https:\\\/\\\/www.medizinfuchs.de\\\/blog\\\/wp-content\\\/uploads\\\/2016\\\/05\\\/medizinfuchs_logo_blog_kl.png\",\"width\":300,\"height\":112,\"caption\":\"Medizinfuchs\"},\"image\":{\"@id\":\"https:\\\/\\\/www.medizinfuchs.de\\\/blog\\\/#\\\/schema\\\/logo\\\/image\\\/\"},\"sameAs\":[\"https:\\\/\\\/www.facebook.com\\\/medizinfuchs\",\"https:\\\/\\\/x.com\\\/medizinfuchs\",\"https:\\\/\\\/www.instagram.com\\\/medizinfuchs.de\\\/\",\"https:\\\/\\\/www.linkedin.com\\\/company\\\/10128774\",\"https:\\\/\\\/de.pinterest.com\\\/medizinfuchs\\\/\",\"https:\\\/\\\/www.youtube.com\\\/c\\\/medizinfuchs\"]},{\"@type\":\"Person\",\"@id\":\"https:\\\/\\\/www.medizinfuchs.de\\\/blog\\\/#\\\/schema\\\/person\\\/b0f7c84dfbefe8c55e13eb969d37c7e9\",\"name\":\"medizinfuchs Redaktion\",\"image\":{\"@type\":\"ImageObject\",\"inLanguage\":\"de\",\"@id\":\"https:\\\/\\\/secure.gravatar.com\\\/avatar\\\/b67f3fa695af6d724fcfce9e1452b50cb0526d9d16df48c6dc1dd20e5634204f?s=96&r=g\",\"url\":\"https:\\\/\\\/secure.gravatar.com\\\/avatar\\\/b67f3fa695af6d724fcfce9e1452b50cb0526d9d16df48c6dc1dd20e5634204f?s=96&r=g\",\"contentUrl\":\"https:\\\/\\\/secure.gravatar.com\\\/avatar\\\/b67f3fa695af6d724fcfce9e1452b50cb0526d9d16df48c6dc1dd20e5634204f?s=96&r=g\",\"caption\":\"medizinfuchs Redaktion\"},\"description\":\"Die Blog-Redaktion von Deutschlands bestem Preisvergleich f\u00fcr Medikamente und Gesundheitsprodukte erstellt hier im Blog interessante Hintergr\u00fcnde, Wissenswertes und Unterhaltsames rund um die Themen Gesundheit, Ern\u00e4hrung, Wellness und Beauty.\",\"sameAs\":[\"https:\\\/\\\/www.medizinfuchs.de\",\"https:\\\/\\\/www.facebook.com\\\/medizinfuchs\",\"https:\\\/\\\/www.instagram.com\\\/medizinfuchs.de\\\/\",\"https:\\\/\\\/de.pinterest.com\\\/medizinfuchs\\\/\",\"https:\\\/\\\/x.com\\\/https:\\\/\\\/twitter.com\\\/medizinfuchs\",\"http:\\\/\\\/medizinfuchs.tumblr.com\\\/\"],\"url\":\"https:\\\/\\\/www.medizinfuchs.de\\\/blog\\\/author\\\/mf\\\/\"}]}<\/script>\n<!-- \/ Yoast SEO plugin. -->","yoast_head_json":{"title":"Long-COVID - Langzeitfolgen nach einer COVID-19-Infektion","description":"Viele Menschen, die sich mit SARS-CoV-2 infiziert haben, leiden auch viele Monate sp\u00e4ter an Symptomen. Mehr \u00fcber Long-COVID in unserem Blog.","robots":{"index":"index","follow":"follow","max-snippet":"max-snippet:-1","max-image-preview":"max-image-preview:large","max-video-preview":"max-video-preview:-1"},"canonical":"https:\/\/www.medizinfuchs.de\/blog\/corona\/long-covid-langzeitfolgen-nach-einer-covid-19-infektion\/","og_locale":"de_DE","og_type":"article","og_title":"Long-COVID - Langzeitfolgen nach einer COVID-19-Infektion","og_description":"Viele Menschen, die sich mit SARS-CoV-2 infiziert haben, leiden auch viele Monate sp\u00e4ter an Symptomen. Mehr \u00fcber Long-COVID in unserem Blog.","og_url":"https:\/\/www.medizinfuchs.de\/blog\/corona\/long-covid-langzeitfolgen-nach-einer-covid-19-infektion\/","og_site_name":"medizinfuchs Blog","article_publisher":"https:\/\/www.facebook.com\/medizinfuchs","article_author":"https:\/\/www.facebook.com\/medizinfuchs","article_published_time":"2021-06-10T12:27:50+00:00","article_modified_time":"2025-07-08T15:54:06+00:00","og_image":[{"width":2121,"height":1414,"url":"https:\/\/www.medizinfuchs.de\/blog\/wp-content\/uploads\/2021\/06\/Long_Covid_Frau.jpg","type":"image\/jpeg"}],"author":"medizinfuchs Redaktion","twitter_card":"summary_large_image","twitter_creator":"@https:\/\/twitter.com\/medizinfuchs","twitter_site":"@medizinfuchs","twitter_misc":{"Verfasst von":"medizinfuchs Redaktion","Gesch\u00e4tzte Lesezeit":"6\u00a0Minuten"},"schema":{"@context":"https:\/\/schema.org","@graph":[{"@type":["Article","BlogPosting"],"@id":"https:\/\/www.medizinfuchs.de\/blog\/corona\/long-covid-langzeitfolgen-nach-einer-covid-19-infektion\/#article","isPartOf":{"@id":"https:\/\/www.medizinfuchs.de\/blog\/corona\/long-covid-langzeitfolgen-nach-einer-covid-19-infektion\/"},"author":{"name":"medizinfuchs Redaktion","@id":"https:\/\/www.medizinfuchs.de\/blog\/#\/schema\/person\/b0f7c84dfbefe8c55e13eb969d37c7e9"},"headline":"Long-COVID &#8211; Langzeitfolgen nach einer COVID-19-Infektion","datePublished":"2021-06-10T12:27:50+00:00","dateModified":"2025-07-08T15:54:06+00:00","mainEntityOfPage":{"@id":"https:\/\/www.medizinfuchs.de\/blog\/corona\/long-covid-langzeitfolgen-nach-einer-covid-19-infektion\/"},"wordCount":966,"commentCount":8,"publisher":{"@id":"https:\/\/www.medizinfuchs.de\/blog\/#organization"},"image":{"@id":"https:\/\/www.medizinfuchs.de\/blog\/corona\/long-covid-langzeitfolgen-nach-einer-covid-19-infektion\/#primaryimage"},"thumbnailUrl":"https:\/\/www.medizinfuchs.de\/blog\/wp-content\/uploads\/2021\/06\/Long_Covid_Frau.jpg","keywords":["chronische Ersch\u00f6pfung","Corona","Coronavirus","COVID-19","Long-COVID","Pandemie","Post-COVID","SARS-CoV-2"],"articleSection":["Corona"],"inLanguage":"de","potentialAction":[{"@type":"CommentAction","name":"Comment","target":["https:\/\/www.medizinfuchs.de\/blog\/corona\/long-covid-langzeitfolgen-nach-einer-covid-19-infektion\/#respond"]}]},{"@type":"WebPage","@id":"https:\/\/www.medizinfuchs.de\/blog\/corona\/long-covid-langzeitfolgen-nach-einer-covid-19-infektion\/","url":"https:\/\/www.medizinfuchs.de\/blog\/corona\/long-covid-langzeitfolgen-nach-einer-covid-19-infektion\/","name":"Long-COVID - Langzeitfolgen nach einer COVID-19-Infektion","isPartOf":{"@id":"https:\/\/www.medizinfuchs.de\/blog\/#website"},"primaryImageOfPage":{"@id":"https:\/\/www.medizinfuchs.de\/blog\/corona\/long-covid-langzeitfolgen-nach-einer-covid-19-infektion\/#primaryimage"},"image":{"@id":"https:\/\/www.medizinfuchs.de\/blog\/corona\/long-covid-langzeitfolgen-nach-einer-covid-19-infektion\/#primaryimage"},"thumbnailUrl":"https:\/\/www.medizinfuchs.de\/blog\/wp-content\/uploads\/2021\/06\/Long_Covid_Frau.jpg","datePublished":"2021-06-10T12:27:50+00:00","dateModified":"2025-07-08T15:54:06+00:00","description":"Viele Menschen, die sich mit SARS-CoV-2 infiziert haben, leiden auch viele Monate sp\u00e4ter an Symptomen. Mehr \u00fcber Long-COVID in unserem Blog.","breadcrumb":{"@id":"https:\/\/www.medizinfuchs.de\/blog\/corona\/long-covid-langzeitfolgen-nach-einer-covid-19-infektion\/#breadcrumb"},"inLanguage":"de","potentialAction":[{"@type":"ReadAction","target":["https:\/\/www.medizinfuchs.de\/blog\/corona\/long-covid-langzeitfolgen-nach-einer-covid-19-infektion\/"]}]},{"@type":"ImageObject","inLanguage":"de","@id":"https:\/\/www.medizinfuchs.de\/blog\/corona\/long-covid-langzeitfolgen-nach-einer-covid-19-infektion\/#primaryimage","url":"https:\/\/www.medizinfuchs.de\/blog\/wp-content\/uploads\/2021\/06\/Long_Covid_Frau.jpg","contentUrl":"https:\/\/www.medizinfuchs.de\/blog\/wp-content\/uploads\/2021\/06\/Long_Covid_Frau.jpg","width":2121,"height":1414,"caption":"Long-COVID - Frau mit Problemen nach Covid-Erkrankung"},{"@type":"BreadcrumbList","@id":"https:\/\/www.medizinfuchs.de\/blog\/corona\/long-covid-langzeitfolgen-nach-einer-covid-19-infektion\/#breadcrumb","itemListElement":[{"@type":"ListItem","position":1,"name":"Startseite","item":"https:\/\/www.medizinfuchs.de\/blog\/"},{"@type":"ListItem","position":2,"name":"Long-COVID &#8211; Langzeitfolgen nach einer COVID-19-Infektion"}]},{"@type":"WebSite","@id":"https:\/\/www.medizinfuchs.de\/blog\/#website","url":"https:\/\/www.medizinfuchs.de\/blog\/","name":"medizinfuchs Blog","description":"Das Blog von medizinfuchs","publisher":{"@id":"https:\/\/www.medizinfuchs.de\/blog\/#organization"},"potentialAction":[{"@type":"SearchAction","target":{"@type":"EntryPoint","urlTemplate":"https:\/\/www.medizinfuchs.de\/blog\/?s={search_term_string}"},"query-input":{"@type":"PropertyValueSpecification","valueRequired":true,"valueName":"search_term_string"}}],"inLanguage":"de"},{"@type":"Organization","@id":"https:\/\/www.medizinfuchs.de\/blog\/#organization","name":"Medizinfuchs","url":"https:\/\/www.medizinfuchs.de\/blog\/","logo":{"@type":"ImageObject","inLanguage":"de","@id":"https:\/\/www.medizinfuchs.de\/blog\/#\/schema\/logo\/image\/","url":"https:\/\/www.medizinfuchs.de\/blog\/wp-content\/uploads\/2016\/05\/medizinfuchs_logo_blog_kl.png","contentUrl":"https:\/\/www.medizinfuchs.de\/blog\/wp-content\/uploads\/2016\/05\/medizinfuchs_logo_blog_kl.png","width":300,"height":112,"caption":"Medizinfuchs"},"image":{"@id":"https:\/\/www.medizinfuchs.de\/blog\/#\/schema\/logo\/image\/"},"sameAs":["https:\/\/www.facebook.com\/medizinfuchs","https:\/\/x.com\/medizinfuchs","https:\/\/www.instagram.com\/medizinfuchs.de\/","https:\/\/www.linkedin.com\/company\/10128774","https:\/\/de.pinterest.com\/medizinfuchs\/","https:\/\/www.youtube.com\/c\/medizinfuchs"]},{"@type":"Person","@id":"https:\/\/www.medizinfuchs.de\/blog\/#\/schema\/person\/b0f7c84dfbefe8c55e13eb969d37c7e9","name":"medizinfuchs Redaktion","image":{"@type":"ImageObject","inLanguage":"de","@id":"https:\/\/secure.gravatar.com\/avatar\/b67f3fa695af6d724fcfce9e1452b50cb0526d9d16df48c6dc1dd20e5634204f?s=96&r=g","url":"https:\/\/secure.gravatar.com\/avatar\/b67f3fa695af6d724fcfce9e1452b50cb0526d9d16df48c6dc1dd20e5634204f?s=96&r=g","contentUrl":"https:\/\/secure.gravatar.com\/avatar\/b67f3fa695af6d724fcfce9e1452b50cb0526d9d16df48c6dc1dd20e5634204f?s=96&r=g","caption":"medizinfuchs Redaktion"},"description":"Die Blog-Redaktion von Deutschlands bestem Preisvergleich f\u00fcr Medikamente und Gesundheitsprodukte erstellt hier im Blog interessante Hintergr\u00fcnde, Wissenswertes und Unterhaltsames rund um die Themen Gesundheit, Ern\u00e4hrung, Wellness und Beauty.","sameAs":["https:\/\/www.medizinfuchs.de","https:\/\/www.facebook.com\/medizinfuchs","https:\/\/www.instagram.com\/medizinfuchs.de\/","https:\/\/de.pinterest.com\/medizinfuchs\/","https:\/\/x.com\/https:\/\/twitter.com\/medizinfuchs","http:\/\/medizinfuchs.tumblr.com\/"],"url":"https:\/\/www.medizinfuchs.de\/blog\/author\/mf\/"}]}},"_links":{"self":[{"href":"https:\/\/www.medizinfuchs.de\/blog\/wp-json\/wp\/v2\/posts\/15506","targetHints":{"allow":["GET"]}}],"collection":[{"href":"https:\/\/www.medizinfuchs.de\/blog\/wp-json\/wp\/v2\/posts"}],"about":[{"href":"https:\/\/www.medizinfuchs.de\/blog\/wp-json\/wp\/v2\/types\/post"}],"author":[{"embeddable":true,"href":"https:\/\/www.medizinfuchs.de\/blog\/wp-json\/wp\/v2\/users\/19"}],"replies":[{"embeddable":true,"href":"https:\/\/www.medizinfuchs.de\/blog\/wp-json\/wp\/v2\/comments?post=15506"}],"version-history":[{"count":3,"href":"https:\/\/www.medizinfuchs.de\/blog\/wp-json\/wp\/v2\/posts\/15506\/revisions"}],"predecessor-version":[{"id":17825,"href":"https:\/\/www.medizinfuchs.de\/blog\/wp-json\/wp\/v2\/posts\/15506\/revisions\/17825"}],"wp:featuredmedia":[{"embeddable":true,"href":"https:\/\/www.medizinfuchs.de\/blog\/wp-json\/wp\/v2\/media\/15521"}],"wp:attachment":[{"href":"https:\/\/www.medizinfuchs.de\/blog\/wp-json\/wp\/v2\/media?parent=15506"}],"wp:term":[{"taxonomy":"category","embeddable":true,"href":"https:\/\/www.medizinfuchs.de\/blog\/wp-json\/wp\/v2\/categories?post=15506"},{"taxonomy":"post_tag","embeddable":true,"href":"https:\/\/www.medizinfuchs.de\/blog\/wp-json\/wp\/v2\/tags?post=15506"}],"curies":[{"name":"wp","href":"https:\/\/api.w.org\/{rel}","templated":true}]}}