{"id":16014,"date":"2021-10-14T13:13:54","date_gmt":"2021-10-14T11:13:54","guid":{"rendered":"https:\/\/www.medizinfuchs.de\/blog\/?p=16014"},"modified":"2025-06-02T14:09:28","modified_gmt":"2025-06-02T12:09:28","slug":"spaetakne-hautpflege-fuer-problemhaut","status":"publish","type":"post","link":"https:\/\/www.medizinfuchs.de\/blog\/leben\/beauty-kosmetik-wellness\/spaetakne-hautpflege-fuer-problemhaut\/","title":{"rendered":"Sp\u00e4takne &#8211; Hautpflege f\u00fcr Problemhaut"},"content":{"rendered":"<div class=\"mks_pullquote mks_pullquote_left\" style=\"width:300px; font-size: 16px; color: #ffffff; background-color:#e64511;\">Das Erkranken an einer Sp\u00e4takne versetzt viele Betroffene zur\u00fcck in die Pubert\u00e4t. Ebenso wie die Akne-Erkrankung im Teenager-Alter kann auch die Akne Tarda gut behandelt werden. Welche Tipps wir Ihnen zu diesem Thema geben k\u00f6nne, lesen Sie heute bei medizinfuchs.de. <\/div>\n\n\n\n<p>Bei der Recherche zu diesem Thema war ich zu Anfang sehr schockiert, denn zwischen 40 und 50 Prozent aller Erwachsenen erkranken an der Akne Tarda, auch Sp\u00e4takne genannt. Bisher war mir nicht bewusst, dass eine so gro\u00dfe Anzahl der Menschen daran erkranken. Akne Tarda beschreibt hier die sp\u00e4te Erkrankung an Akne im fortgeschrittenen Lebensalter. Die klassische <a href=\"https:\/\/www.medizinfuchs.de\/blog\/leben\/beauty-kosmetik-wellness\/akne-tipps-gegen-mitesser-pickel-und-co\/\">Teenager-Akne<\/a>, Akne vulgaris, hat viele Parallelen aber trotzdem gibt es einige grundlegende Unterschiede. Wussten Sie, dass bei der Akne im Teenager-Alter die sogenannte T-Zone, also Stirn, Nase und das Kinn betroffen sind? Bei der Sp\u00e4takne hingegen k\u00f6nnen die Wangen, das Kinn, der seitliche Unterkieferrand und der Hals betroffen sein.&nbsp;<\/p>\n\n\n\n<figure class=\"wp-block-image size-large is-resized\"><img loading=\"lazy\" decoding=\"async\" width=\"1024\" height=\"627\" src=\"https:\/\/www.medizinfuchs.de\/blog\/wp-content\/uploads\/2021\/10\/Pickel_Erwachsene-1024x627.jpg\" alt=\"Pickel bei Erwachsenen\" class=\"wp-image-16038\" style=\"width:679px;height:415px\" srcset=\"https:\/\/www.medizinfuchs.de\/blog\/wp-content\/uploads\/2021\/10\/Pickel_Erwachsene-1024x627.jpg 1024w, https:\/\/www.medizinfuchs.de\/blog\/wp-content\/uploads\/2021\/10\/Pickel_Erwachsene-300x184.jpg 300w, https:\/\/www.medizinfuchs.de\/blog\/wp-content\/uploads\/2021\/10\/Pickel_Erwachsene-768x470.jpg 768w, https:\/\/www.medizinfuchs.de\/blog\/wp-content\/uploads\/2021\/10\/Pickel_Erwachsene-1536x940.jpg 1536w, https:\/\/www.medizinfuchs.de\/blog\/wp-content\/uploads\/2021\/10\/Pickel_Erwachsene-2048x1253.jpg 2048w, https:\/\/www.medizinfuchs.de\/blog\/wp-content\/uploads\/2021\/10\/Pickel_Erwachsene-410x251.jpg 410w, https:\/\/www.medizinfuchs.de\/blog\/wp-content\/uploads\/2021\/10\/Pickel_Erwachsene-810x496.jpg 810w, https:\/\/www.medizinfuchs.de\/blog\/wp-content\/uploads\/2021\/10\/Pickel_Erwachsene-1140x697.jpg 1140w\" sizes=\"auto, (max-width: 1024px) 100vw, 1024px\" \/><figcaption class=\"wp-element-caption\">Portrait of woman showing her pimples on isolated white background<\/figcaption><\/figure>\n\n\n\n<h2 class=\"wp-block-heading\">Entstehung der Sp\u00e4takne<\/h2>\n\n\n\n<p>Bei der <a href=\"https:\/\/www.medizinfuchs.de\/arzneimittel-weiteres\/haut-haare-naegel\/haut\/akne-k3220.phtml\" target=\"_blank\" rel=\"noreferrer noopener\">klassischen Akne<\/a>, die wir bei vielen Teenagern beobachten k\u00f6nnen, sind ma\u00dfgeblich die Hormone als Ursache zu beziffern. Bei der Erwachsenenversion k\u00f6nnen mehrere Faktoren eine Erkrankung beg\u00fcnstigen. Auch hier spielt der Hormonhaushalt eine zentrale Rolle. Zus\u00e4tzlich k\u00f6nnen einige Medikamente eine Akne Tarda beg\u00fcnstigen. Leider ist bei den Erkrankten auch der genetische Faktor, also die Vererbung innerhalb einer Familie zu beobachten. Daher kann die Wissenschaft bis heute nicht endg\u00fcltig kl\u00e4ren, welche Faktoren den gr\u00f6\u00dften Einfluss haben. Denn auch der eigene Lebensstil und eine Talgdr\u00fcsen\u00fcberfunktion oder mikrobielle Besiedlung k\u00f6nnen das Ausbrechen einer Sp\u00e4takne beg\u00fcnstigen. Um alle Faktoren abzukl\u00e4ren und die Ursache behandeln zu k\u00f6nnen, <strong>gebe ich Ihnen den Tipp unbedingt eine dermatologische Sprechstunde aufzusuchen. <\/strong><\/p>\n\n\n\n<h2 class=\"wp-block-heading\">Akne Tarda \u2013 Merkmale<\/h2>\n\n\n\n<p>Anders als im Teenager-Alter ist hier ein viel gr\u00f6\u00dferer Bereich im Gesicht betroffen. U-F\u00f6rmig verteilt, treten Pusteln, die mitunter mit Eiter gef\u00fcllt sein k\u00f6nnen, tiefliegende Knoten und Mitesser auf. Dabei ist darauf hinzuweisen, dass das Entfernen der tiefliegenden Knoten unbedingt in die H\u00e4nde von <a href=\"https:\/\/www.bvdd.de\/fuer-patienten\/hautarztsuche\/\" target=\"_blank\" rel=\"noreferrer noopener\">\u00c4rzten<\/a> geh\u00f6rt, da diese schwer zu entfernen sind. Anfangs m\u00fcssen zuerst die Bed\u00fcrfnisse des Hautbildes gekl\u00e4rt werden. Auf der einen Seite ben\u00f6tigt der beginnende Alterungsprozess zus\u00e4tzliche Feuchtigkeit und Wirkstoffe, die speziell f\u00fcr die Hautgeneration ausgeschrieben sind. Um weitere Entz\u00fcndungen nicht aufkommen zu lassen, sollten auf der anderen Seite anti-inflammatorische Wirkstoffe eingesetzt werden.&nbsp;<\/p>\n\n\n\n<figure class=\"wp-block-image size-large\"><img loading=\"lazy\" decoding=\"async\" width=\"1024\" height=\"683\" src=\"https:\/\/www.medizinfuchs.de\/blog\/wp-content\/uploads\/2021\/09\/Pickel_Hautunreinheiten-1024x683.jpg\" alt=\"Akne Tarda \u2013 Merkmale\" class=\"wp-image-15820\" srcset=\"https:\/\/www.medizinfuchs.de\/blog\/wp-content\/uploads\/2021\/09\/Pickel_Hautunreinheiten-1024x683.jpg 1024w, https:\/\/www.medizinfuchs.de\/blog\/wp-content\/uploads\/2021\/09\/Pickel_Hautunreinheiten-300x200.jpg 300w, https:\/\/www.medizinfuchs.de\/blog\/wp-content\/uploads\/2021\/09\/Pickel_Hautunreinheiten-768x512.jpg 768w, https:\/\/www.medizinfuchs.de\/blog\/wp-content\/uploads\/2021\/09\/Pickel_Hautunreinheiten-1536x1024.jpg 1536w, https:\/\/www.medizinfuchs.de\/blog\/wp-content\/uploads\/2021\/09\/Pickel_Hautunreinheiten-2048x1365.jpg 2048w, https:\/\/www.medizinfuchs.de\/blog\/wp-content\/uploads\/2021\/09\/Pickel_Hautunreinheiten-410x273.jpg 410w, https:\/\/www.medizinfuchs.de\/blog\/wp-content\/uploads\/2021\/09\/Pickel_Hautunreinheiten-810x540.jpg 810w, https:\/\/www.medizinfuchs.de\/blog\/wp-content\/uploads\/2021\/09\/Pickel_Hautunreinheiten-1140x760.jpg 1140w\" sizes=\"auto, (max-width: 1024px) 100vw, 1024px\" \/><figcaption class=\"wp-element-caption\">Conceptual of problems on woman skin.<\/figcaption><\/figure>\n\n\n\n<h2 class=\"wp-block-heading\">Wie gehe ich als Betroffener mit meiner Erkrankung um?<\/h2>\n\n\n\n<p>Da das Erkranken an einer Sp\u00e4takne viele negative Gef\u00fchle, zus\u00e4tzlich zur sichtbaren Beeintr\u00e4chtigung, hervorrufen kann, kann ich Ihnen nur den Tipp geben, auch einen Psychologen aufzusuchen. Denn oft steckt hinter einer Sp\u00e4takne auch eine bisher nicht diagnostizierte Depression, die unbehandelt noch weitere Symptome ausl\u00f6sen kann. Daher sollten die stark entz\u00fcndeten Male im ersten Schritt unbedingt behandelt werden, um nicht noch mehr Scham auszul\u00f6sen. Viele Betroffene f\u00fchlen sich beim Anblick ihres eigenen Spiegelbildes peinlich ber\u00fchrt. <strong>Darum sollten Sie unbedingt darauf achten, nicht selber an den Unreinheiten und Pickel herumzudoktern<\/strong>. M\u00f6glicherweise k\u00f6nnten unsch\u00f6ne Narben und Pickelmale entstehen, die noch schwerer zu entfernen sind.<\/p>\n\n\n\n<h2 class=\"wp-block-heading\">Wie behandle ich meine Sp\u00e4takne?<\/h2>\n\n\n\n<p><br>Bei der Behandlung einer Sp\u00e4takne sind mehrere Faktoren und Schritte zu ber\u00fccksichtigen. Im ersten Schritt sollten Sie auf eine <a href=\"https:\/\/www.medizinfuchs.de\/preisvergleich\/aknederm-premium-set-normal-skin-1-p-gepepharm-gmbh-pzn-17371700.html\" target=\"_blank\" rel=\"noreferrer noopener\">Pflegeroutine<\/a> mit Furchts\u00e4ure zur\u00fcckgreifen. Zus\u00e4tzlich sollten Sie bei der <a href=\"https:\/\/www.medizinfuchs.de\/preisvergleich\/noreva-matidiane-nachtpflege-50-ml-laboratoires-noreva-gmbh-pzn-6925265.html\" target=\"_blank\" rel=\"noreferrer noopener\">Nachtpflege<\/a> auf Wirkstoffe gegen die \u00fcberm\u00e4\u00dfige Talgproduktion und Bakterienbildung achten. Die besten <a href=\"https:\/\/www.medizinfuchs.de\/preisvergleich\/benzaknen-10-gel-2x60-g-galderma-laboratorium-gmbh-pzn-15250642.html\" target=\"_blank\" rel=\"noreferrer noopener\">Cremes<\/a> und <a href=\"https:\/\/www.medizinfuchs.de\/preisvergleich\/akne-gesichtsmaske-100-g-wala-heilmittel-gmbh-pzn-1399955.html\" target=\"_blank\" rel=\"noreferrer noopener\">Masken<\/a> finden Sie bei uns oder in der Apotheke. In jeder Online- oder Vor-Ort-Apotheke k\u00f6nnen Sie spezifische Fragen stellen und bekommen eine, auf Ihren Hauttypen abgestimmte, Zusammenstellung von Cremes und <a href=\"https:\/\/www.medizinfuchs.de\/preisvergleich\/akne-wasser-100-ml-wala-heilmittel-gmbh-pzn-1399978.html\" target=\"_blank\" rel=\"noreferrer noopener\">Reinigungsmitteln<\/a>. <br><strong>Denn auch das ist eine unglaubliche wichtige Erinnerung: <\/strong>Ihr Gesicht sollte morgens und abends gut gereinigt und von Make-up befreit werden.&nbsp;Ich habe Ihnen hier einige Vorschl\u00e4ge f\u00fcr nat\u00fcrliche und gute Pflege verlinkt.<\/p>\n\n\n\n<table id=\"tablepress-97\" class=\"tablepress tablepress-id-97\">\n<thead>\n<tr class=\"row-1\">\n\t<th class=\"column-1\">Aknederm Premium Set<\/th><th class=\"column-2\">Benzaknen 10% Gel<\/th><th class=\"column-3\">Akne-Gesichtdampfbad<\/th>\n<\/tr>\n<\/thead>\n<tbody class=\"row-hover\">\n<tr class=\"row-2\">\n\t<td class=\"column-1\"><img loading=\"lazy\" decoding=\"async\" src=\"https:\/\/www.medizinfuchs.de\/blog\/wp-content\/uploads\/2021\/10\/17371700.jpg\" alt=\"Aknederm Premium Set normal skin\" width=\"120\" height=\"120\" class=\"size-medium wp-image-6817\" \/><\/td><td class=\"column-2\"><img loading=\"lazy\" decoding=\"async\" src=\"https:\/\/www.medizinfuchs.de\/blog\/wp-content\/uploads\/2021\/10\/15250613.jpg\" alt=\"Benzaknen 10% Gel\" width=\"120\" height=\"120\" class=\"size-medium wp-image-6818\" \/><\/td><td class=\"column-3\"><img loading=\"lazy\" decoding=\"async\" src=\"https:\/\/www.medizinfuchs.de\/blog\/wp-content\/uploads\/2021\/10\/01399949.jpg\" alt=\"Akne-Gescihtdampfbad\" width=\"120\" height=\"120\" class=\"size-medium wp-image-6819\" \/><\/td>\n<\/tr>\n<tr class=\"row-3\">\n\t<td class=\"column-1\"><a href=\"https:\/\/www.medizinfuchs.de\/preisvergleich\/aknederm-premium-set-normal-skin-1-p-gepepharm-gmbh-pzn-17371700.html\" target=\"_blank\" rel=\"noopener noreferrer\">hier zum Preisvergleich<\/a><\/td><td class=\"column-2\"><a href=\"https:\/\/www.medizinfuchs.de\/preisvergleich\/benzaknen-10-gel-60-g-galderma-laboratorium-gmbh-pzn-15250613.html\" target=\"_blank\" rel=\"noopener noreferrer\">hier zum Preisvergleich<\/a><\/td><td class=\"column-3\"><a href=\"https:\/\/www.medizinfuchs.de\/preisvergleich\/akne-gesichtsdampfbad-100-ml-wala-heilmittel-gmbh-pzn-1399949.html\" target=\"_blank\" rel=\"noopener noreferrer\">hier zum Preisvergleich<\/a><\/td>\n<\/tr>\n<\/tbody>\n<\/table>\n\n\n\n\n<p>Um die Sp\u00e4takne gut zu behandeln, sollten Sie auch auf einen gesunden und ausgewogenen Lebensstil achten. <br><strong>Denn wie immer gilt:<\/strong> auch hier spielt die <a href=\"https:\/\/www.medizinfuchs.de\/blog\/leben\/beauty-kosmetik-wellness\/gesunde-haut-durch-gesunde-ernaehrung\/\">Ern\u00e4hrung<\/a> eine gro\u00dfe Rolle.<\/p>\n\n\n\n<h2 class=\"wp-block-heading\">\u00dcber Ihr Tipps rund um das Thema Sp\u00e4takne freue ich mich sehr, denn ich lerne sehr gerne dazu!<\/h2>\n\n\n\n<p>Ihre Marie Franke<\/p>\n","protected":false},"excerpt":{"rendered":"<p>Bei der Recherche zu diesem Thema war ich zu Anfang sehr schockiert, denn zwischen 40 und 50 Prozent aller Erwachsenen erkranken an der Akne Tarda, auch Sp\u00e4takne genannt. Bisher war mir nicht bewusst, dass eine so gro\u00dfe Anzahl der Menschen daran erkranken. Akne Tarda beschreibt hier die sp\u00e4te Erkrankung an Akne im fortgeschrittenen Lebensalter. Die [&hellip;]<\/p>\n","protected":false},"author":24,"featured_media":16040,"comment_status":"open","ping_status":"open","sticky":false,"template":"","format":"standard","meta":{"footnotes":""},"categories":[40],"tags":[182,1740,188,79,1519,259,1739],"class_list":["post-16014","post","type-post","status-publish","format-standard","has-post-thumbnail","hentry","category-beauty-kosmetik-wellness","tag-akne","tag-akne-tarda","tag-aknenarben","tag-ernaehrung","tag-hormon","tag-hormone","tag-spaetakne"],"yoast_head":"<!-- This site is optimized with the Yoast SEO plugin v27.4 - https:\/\/yoast.com\/product\/yoast-seo-wordpress\/ -->\n<title>Sp\u00e4takne - Hautpflege f\u00fcr Problemhaut<\/title>\n<meta name=\"description\" content=\"Das Erkranken an einer Sp\u00e4takne versetzt viele Betroffene zur\u00fcck in die Pubert\u00e4t. Welche Tipps wir f\u00fcr Sie haben, lesen Sie heute bei uns.\" \/>\n<meta name=\"robots\" content=\"index, follow, max-snippet:-1, max-image-preview:large, max-video-preview:-1\" \/>\n<link rel=\"canonical\" href=\"https:\/\/www.medizinfuchs.de\/blog\/leben\/beauty-kosmetik-wellness\/spaetakne-hautpflege-fuer-problemhaut\/\" \/>\n<meta property=\"og:locale\" content=\"de_DE\" \/>\n<meta property=\"og:type\" content=\"article\" \/>\n<meta property=\"og:title\" content=\"Sp\u00e4takne - Hautpflege f\u00fcr Problemhaut\" \/>\n<meta property=\"og:description\" content=\"Das Erkranken an einer Sp\u00e4takne versetzt viele Betroffene zur\u00fcck in die Pubert\u00e4t. Welche Tipps wir f\u00fcr Sie haben, lesen Sie heute bei uns.\" \/>\n<meta property=\"og:url\" content=\"https:\/\/www.medizinfuchs.de\/blog\/leben\/beauty-kosmetik-wellness\/spaetakne-hautpflege-fuer-problemhaut\/\" \/>\n<meta property=\"og:site_name\" content=\"medizinfuchs Blog\" \/>\n<meta property=\"article:publisher\" content=\"https:\/\/www.facebook.com\/medizinfuchs\" \/>\n<meta property=\"article:published_time\" content=\"2021-10-14T11:13:54+00:00\" \/>\n<meta property=\"article:modified_time\" content=\"2025-06-02T12:09:28+00:00\" \/>\n<meta property=\"og:image\" content=\"https:\/\/www.medizinfuchs.de\/blog\/wp-content\/uploads\/2021\/10\/Erwachsene_Pickel.jpg\" \/>\n\t<meta property=\"og:image:width\" content=\"2121\" \/>\n\t<meta property=\"og:image:height\" content=\"1414\" \/>\n\t<meta property=\"og:image:type\" content=\"image\/jpeg\" \/>\n<meta name=\"author\" content=\"Marie Franke\" \/>\n<meta name=\"twitter:card\" content=\"summary_large_image\" \/>\n<meta name=\"twitter:creator\" content=\"@medizinfuchs\" \/>\n<meta name=\"twitter:site\" content=\"@medizinfuchs\" \/>\n<meta name=\"twitter:label1\" content=\"Verfasst von\" \/>\n\t<meta name=\"twitter:data1\" content=\"Marie Franke\" \/>\n\t<meta name=\"twitter:label2\" content=\"Gesch\u00e4tzte Lesezeit\" \/>\n\t<meta name=\"twitter:data2\" content=\"5\u00a0Minuten\" \/>\n<script type=\"application\/ld+json\" class=\"yoast-schema-graph\">{\"@context\":\"https:\\\/\\\/schema.org\",\"@graph\":[{\"@type\":[\"Article\",\"BlogPosting\"],\"@id\":\"https:\\\/\\\/www.medizinfuchs.de\\\/blog\\\/leben\\\/beauty-kosmetik-wellness\\\/spaetakne-hautpflege-fuer-problemhaut\\\/#article\",\"isPartOf\":{\"@id\":\"https:\\\/\\\/www.medizinfuchs.de\\\/blog\\\/leben\\\/beauty-kosmetik-wellness\\\/spaetakne-hautpflege-fuer-problemhaut\\\/\"},\"author\":{\"name\":\"Marie Franke\",\"@id\":\"https:\\\/\\\/www.medizinfuchs.de\\\/blog\\\/#\\\/schema\\\/person\\\/d65636608aa6432e205ed8e963ae3f44\"},\"headline\":\"Sp\u00e4takne &#8211; Hautpflege f\u00fcr Problemhaut\",\"datePublished\":\"2021-10-14T11:13:54+00:00\",\"dateModified\":\"2025-06-02T12:09:28+00:00\",\"mainEntityOfPage\":{\"@id\":\"https:\\\/\\\/www.medizinfuchs.de\\\/blog\\\/leben\\\/beauty-kosmetik-wellness\\\/spaetakne-hautpflege-fuer-problemhaut\\\/\"},\"wordCount\":739,\"commentCount\":0,\"publisher\":{\"@id\":\"https:\\\/\\\/www.medizinfuchs.de\\\/blog\\\/#organization\"},\"image\":{\"@id\":\"https:\\\/\\\/www.medizinfuchs.de\\\/blog\\\/leben\\\/beauty-kosmetik-wellness\\\/spaetakne-hautpflege-fuer-problemhaut\\\/#primaryimage\"},\"thumbnailUrl\":\"https:\\\/\\\/www.medizinfuchs.de\\\/blog\\\/wp-content\\\/uploads\\\/2021\\\/10\\\/Erwachsene_Pickel.jpg\",\"keywords\":[\"akne\",\"Akne tarda\",\"aknenarben\",\"ern\u00e4hrung\",\"Hormon\",\"Hormone\",\"Sp\u00e4takne\"],\"articleSection\":[\"Beauty, Kosmetik &amp; Wellness\"],\"inLanguage\":\"de\",\"potentialAction\":[{\"@type\":\"CommentAction\",\"name\":\"Comment\",\"target\":[\"https:\\\/\\\/www.medizinfuchs.de\\\/blog\\\/leben\\\/beauty-kosmetik-wellness\\\/spaetakne-hautpflege-fuer-problemhaut\\\/#respond\"]}]},{\"@type\":\"WebPage\",\"@id\":\"https:\\\/\\\/www.medizinfuchs.de\\\/blog\\\/leben\\\/beauty-kosmetik-wellness\\\/spaetakne-hautpflege-fuer-problemhaut\\\/\",\"url\":\"https:\\\/\\\/www.medizinfuchs.de\\\/blog\\\/leben\\\/beauty-kosmetik-wellness\\\/spaetakne-hautpflege-fuer-problemhaut\\\/\",\"name\":\"Sp\u00e4takne - Hautpflege f\u00fcr Problemhaut\",\"isPartOf\":{\"@id\":\"https:\\\/\\\/www.medizinfuchs.de\\\/blog\\\/#website\"},\"primaryImageOfPage\":{\"@id\":\"https:\\\/\\\/www.medizinfuchs.de\\\/blog\\\/leben\\\/beauty-kosmetik-wellness\\\/spaetakne-hautpflege-fuer-problemhaut\\\/#primaryimage\"},\"image\":{\"@id\":\"https:\\\/\\\/www.medizinfuchs.de\\\/blog\\\/leben\\\/beauty-kosmetik-wellness\\\/spaetakne-hautpflege-fuer-problemhaut\\\/#primaryimage\"},\"thumbnailUrl\":\"https:\\\/\\\/www.medizinfuchs.de\\\/blog\\\/wp-content\\\/uploads\\\/2021\\\/10\\\/Erwachsene_Pickel.jpg\",\"datePublished\":\"2021-10-14T11:13:54+00:00\",\"dateModified\":\"2025-06-02T12:09:28+00:00\",\"description\":\"Das Erkranken an einer Sp\u00e4takne versetzt viele Betroffene zur\u00fcck in die Pubert\u00e4t. Welche Tipps wir f\u00fcr Sie haben, lesen Sie heute bei uns.\",\"breadcrumb\":{\"@id\":\"https:\\\/\\\/www.medizinfuchs.de\\\/blog\\\/leben\\\/beauty-kosmetik-wellness\\\/spaetakne-hautpflege-fuer-problemhaut\\\/#breadcrumb\"},\"inLanguage\":\"de\",\"potentialAction\":[{\"@type\":\"ReadAction\",\"target\":[\"https:\\\/\\\/www.medizinfuchs.de\\\/blog\\\/leben\\\/beauty-kosmetik-wellness\\\/spaetakne-hautpflege-fuer-problemhaut\\\/\"]}]},{\"@type\":\"ImageObject\",\"inLanguage\":\"de\",\"@id\":\"https:\\\/\\\/www.medizinfuchs.de\\\/blog\\\/leben\\\/beauty-kosmetik-wellness\\\/spaetakne-hautpflege-fuer-problemhaut\\\/#primaryimage\",\"url\":\"https:\\\/\\\/www.medizinfuchs.de\\\/blog\\\/wp-content\\\/uploads\\\/2021\\\/10\\\/Erwachsene_Pickel.jpg\",\"contentUrl\":\"https:\\\/\\\/www.medizinfuchs.de\\\/blog\\\/wp-content\\\/uploads\\\/2021\\\/10\\\/Erwachsene_Pickel.jpg\",\"width\":2121,\"height\":1414,\"caption\":\"Sp\u00e4takne \u2013 Akne Tarda\"},{\"@type\":\"BreadcrumbList\",\"@id\":\"https:\\\/\\\/www.medizinfuchs.de\\\/blog\\\/leben\\\/beauty-kosmetik-wellness\\\/spaetakne-hautpflege-fuer-problemhaut\\\/#breadcrumb\",\"itemListElement\":[{\"@type\":\"ListItem\",\"position\":1,\"name\":\"Startseite\",\"item\":\"https:\\\/\\\/www.medizinfuchs.de\\\/blog\\\/\"},{\"@type\":\"ListItem\",\"position\":2,\"name\":\"Sp\u00e4takne &#8211; Hautpflege f\u00fcr Problemhaut\"}]},{\"@type\":\"WebSite\",\"@id\":\"https:\\\/\\\/www.medizinfuchs.de\\\/blog\\\/#website\",\"url\":\"https:\\\/\\\/www.medizinfuchs.de\\\/blog\\\/\",\"name\":\"medizinfuchs Blog\",\"description\":\"Das Blog von medizinfuchs\",\"publisher\":{\"@id\":\"https:\\\/\\\/www.medizinfuchs.de\\\/blog\\\/#organization\"},\"potentialAction\":[{\"@type\":\"SearchAction\",\"target\":{\"@type\":\"EntryPoint\",\"urlTemplate\":\"https:\\\/\\\/www.medizinfuchs.de\\\/blog\\\/?s={search_term_string}\"},\"query-input\":{\"@type\":\"PropertyValueSpecification\",\"valueRequired\":true,\"valueName\":\"search_term_string\"}}],\"inLanguage\":\"de\"},{\"@type\":\"Organization\",\"@id\":\"https:\\\/\\\/www.medizinfuchs.de\\\/blog\\\/#organization\",\"name\":\"Medizinfuchs\",\"url\":\"https:\\\/\\\/www.medizinfuchs.de\\\/blog\\\/\",\"logo\":{\"@type\":\"ImageObject\",\"inLanguage\":\"de\",\"@id\":\"https:\\\/\\\/www.medizinfuchs.de\\\/blog\\\/#\\\/schema\\\/logo\\\/image\\\/\",\"url\":\"https:\\\/\\\/www.medizinfuchs.de\\\/blog\\\/wp-content\\\/uploads\\\/2016\\\/05\\\/medizinfuchs_logo_blog_kl.png\",\"contentUrl\":\"https:\\\/\\\/www.medizinfuchs.de\\\/blog\\\/wp-content\\\/uploads\\\/2016\\\/05\\\/medizinfuchs_logo_blog_kl.png\",\"width\":300,\"height\":112,\"caption\":\"Medizinfuchs\"},\"image\":{\"@id\":\"https:\\\/\\\/www.medizinfuchs.de\\\/blog\\\/#\\\/schema\\\/logo\\\/image\\\/\"},\"sameAs\":[\"https:\\\/\\\/www.facebook.com\\\/medizinfuchs\",\"https:\\\/\\\/x.com\\\/medizinfuchs\",\"https:\\\/\\\/www.instagram.com\\\/medizinfuchs.de\\\/\",\"https:\\\/\\\/www.linkedin.com\\\/company\\\/10128774\",\"https:\\\/\\\/de.pinterest.com\\\/medizinfuchs\\\/\",\"https:\\\/\\\/www.youtube.com\\\/c\\\/medizinfuchs\"]},{\"@type\":\"Person\",\"@id\":\"https:\\\/\\\/www.medizinfuchs.de\\\/blog\\\/#\\\/schema\\\/person\\\/d65636608aa6432e205ed8e963ae3f44\",\"name\":\"Marie Franke\",\"image\":{\"@type\":\"ImageObject\",\"inLanguage\":\"de\",\"@id\":\"https:\\\/\\\/secure.gravatar.com\\\/avatar\\\/2783995cfd9e2dedad933e9212e5aee5876ca843fd96b73a4f93da75c08a7f71?s=96&r=g\",\"url\":\"https:\\\/\\\/secure.gravatar.com\\\/avatar\\\/2783995cfd9e2dedad933e9212e5aee5876ca843fd96b73a4f93da75c08a7f71?s=96&r=g\",\"contentUrl\":\"https:\\\/\\\/secure.gravatar.com\\\/avatar\\\/2783995cfd9e2dedad933e9212e5aee5876ca843fd96b73a4f93da75c08a7f71?s=96&r=g\",\"caption\":\"Marie Franke\"},\"description\":\"Marie Franke ist Erziehungswissenschaftlerin, Germanistin, Bloggerin und Mama. Das chaotische Leben mit ihrer 9-j\u00e4hrigen Tochter und ihrem 3-j\u00e4hrigen Sohn bietet genug Material f\u00fcr den Blog frauraufuss.de. Dort bloggt sie unter dem Pseudonym M\u00e4rry Raufuss. Irgendwann will sie mal Lehrerin werden, bis dahin gibt sie Einblick in den total normalen Wahnsinn einer studentischen Mama und in einer Patchworkfamilie. In ihrem Studium besch\u00e4ftigt sie sich mit den Themen Patchwork, Wandel der Familien und neuen Familienmodellen.\",\"sameAs\":[\"http:\\\/\\\/www.frauraufuss.de\"],\"url\":\"https:\\\/\\\/www.medizinfuchs.de\\\/blog\\\/author\\\/fr\\\/\"}]}<\/script>\n<!-- \/ Yoast SEO plugin. -->","yoast_head_json":{"title":"Sp\u00e4takne - Hautpflege f\u00fcr Problemhaut","description":"Das Erkranken an einer Sp\u00e4takne versetzt viele Betroffene zur\u00fcck in die Pubert\u00e4t. Welche Tipps wir f\u00fcr Sie haben, lesen Sie heute bei uns.","robots":{"index":"index","follow":"follow","max-snippet":"max-snippet:-1","max-image-preview":"max-image-preview:large","max-video-preview":"max-video-preview:-1"},"canonical":"https:\/\/www.medizinfuchs.de\/blog\/leben\/beauty-kosmetik-wellness\/spaetakne-hautpflege-fuer-problemhaut\/","og_locale":"de_DE","og_type":"article","og_title":"Sp\u00e4takne - Hautpflege f\u00fcr Problemhaut","og_description":"Das Erkranken an einer Sp\u00e4takne versetzt viele Betroffene zur\u00fcck in die Pubert\u00e4t. Welche Tipps wir f\u00fcr Sie haben, lesen Sie heute bei uns.","og_url":"https:\/\/www.medizinfuchs.de\/blog\/leben\/beauty-kosmetik-wellness\/spaetakne-hautpflege-fuer-problemhaut\/","og_site_name":"medizinfuchs Blog","article_publisher":"https:\/\/www.facebook.com\/medizinfuchs","article_published_time":"2021-10-14T11:13:54+00:00","article_modified_time":"2025-06-02T12:09:28+00:00","og_image":[{"width":2121,"height":1414,"url":"https:\/\/www.medizinfuchs.de\/blog\/wp-content\/uploads\/2021\/10\/Erwachsene_Pickel.jpg","type":"image\/jpeg"}],"author":"Marie Franke","twitter_card":"summary_large_image","twitter_creator":"@medizinfuchs","twitter_site":"@medizinfuchs","twitter_misc":{"Verfasst von":"Marie Franke","Gesch\u00e4tzte Lesezeit":"5\u00a0Minuten"},"schema":{"@context":"https:\/\/schema.org","@graph":[{"@type":["Article","BlogPosting"],"@id":"https:\/\/www.medizinfuchs.de\/blog\/leben\/beauty-kosmetik-wellness\/spaetakne-hautpflege-fuer-problemhaut\/#article","isPartOf":{"@id":"https:\/\/www.medizinfuchs.de\/blog\/leben\/beauty-kosmetik-wellness\/spaetakne-hautpflege-fuer-problemhaut\/"},"author":{"name":"Marie Franke","@id":"https:\/\/www.medizinfuchs.de\/blog\/#\/schema\/person\/d65636608aa6432e205ed8e963ae3f44"},"headline":"Sp\u00e4takne &#8211; Hautpflege f\u00fcr Problemhaut","datePublished":"2021-10-14T11:13:54+00:00","dateModified":"2025-06-02T12:09:28+00:00","mainEntityOfPage":{"@id":"https:\/\/www.medizinfuchs.de\/blog\/leben\/beauty-kosmetik-wellness\/spaetakne-hautpflege-fuer-problemhaut\/"},"wordCount":739,"commentCount":0,"publisher":{"@id":"https:\/\/www.medizinfuchs.de\/blog\/#organization"},"image":{"@id":"https:\/\/www.medizinfuchs.de\/blog\/leben\/beauty-kosmetik-wellness\/spaetakne-hautpflege-fuer-problemhaut\/#primaryimage"},"thumbnailUrl":"https:\/\/www.medizinfuchs.de\/blog\/wp-content\/uploads\/2021\/10\/Erwachsene_Pickel.jpg","keywords":["akne","Akne tarda","aknenarben","ern\u00e4hrung","Hormon","Hormone","Sp\u00e4takne"],"articleSection":["Beauty, Kosmetik &amp; Wellness"],"inLanguage":"de","potentialAction":[{"@type":"CommentAction","name":"Comment","target":["https:\/\/www.medizinfuchs.de\/blog\/leben\/beauty-kosmetik-wellness\/spaetakne-hautpflege-fuer-problemhaut\/#respond"]}]},{"@type":"WebPage","@id":"https:\/\/www.medizinfuchs.de\/blog\/leben\/beauty-kosmetik-wellness\/spaetakne-hautpflege-fuer-problemhaut\/","url":"https:\/\/www.medizinfuchs.de\/blog\/leben\/beauty-kosmetik-wellness\/spaetakne-hautpflege-fuer-problemhaut\/","name":"Sp\u00e4takne - Hautpflege f\u00fcr Problemhaut","isPartOf":{"@id":"https:\/\/www.medizinfuchs.de\/blog\/#website"},"primaryImageOfPage":{"@id":"https:\/\/www.medizinfuchs.de\/blog\/leben\/beauty-kosmetik-wellness\/spaetakne-hautpflege-fuer-problemhaut\/#primaryimage"},"image":{"@id":"https:\/\/www.medizinfuchs.de\/blog\/leben\/beauty-kosmetik-wellness\/spaetakne-hautpflege-fuer-problemhaut\/#primaryimage"},"thumbnailUrl":"https:\/\/www.medizinfuchs.de\/blog\/wp-content\/uploads\/2021\/10\/Erwachsene_Pickel.jpg","datePublished":"2021-10-14T11:13:54+00:00","dateModified":"2025-06-02T12:09:28+00:00","description":"Das Erkranken an einer Sp\u00e4takne versetzt viele Betroffene zur\u00fcck in die Pubert\u00e4t. Welche Tipps wir f\u00fcr Sie haben, lesen Sie heute bei uns.","breadcrumb":{"@id":"https:\/\/www.medizinfuchs.de\/blog\/leben\/beauty-kosmetik-wellness\/spaetakne-hautpflege-fuer-problemhaut\/#breadcrumb"},"inLanguage":"de","potentialAction":[{"@type":"ReadAction","target":["https:\/\/www.medizinfuchs.de\/blog\/leben\/beauty-kosmetik-wellness\/spaetakne-hautpflege-fuer-problemhaut\/"]}]},{"@type":"ImageObject","inLanguage":"de","@id":"https:\/\/www.medizinfuchs.de\/blog\/leben\/beauty-kosmetik-wellness\/spaetakne-hautpflege-fuer-problemhaut\/#primaryimage","url":"https:\/\/www.medizinfuchs.de\/blog\/wp-content\/uploads\/2021\/10\/Erwachsene_Pickel.jpg","contentUrl":"https:\/\/www.medizinfuchs.de\/blog\/wp-content\/uploads\/2021\/10\/Erwachsene_Pickel.jpg","width":2121,"height":1414,"caption":"Sp\u00e4takne \u2013 Akne Tarda"},{"@type":"BreadcrumbList","@id":"https:\/\/www.medizinfuchs.de\/blog\/leben\/beauty-kosmetik-wellness\/spaetakne-hautpflege-fuer-problemhaut\/#breadcrumb","itemListElement":[{"@type":"ListItem","position":1,"name":"Startseite","item":"https:\/\/www.medizinfuchs.de\/blog\/"},{"@type":"ListItem","position":2,"name":"Sp\u00e4takne &#8211; Hautpflege f\u00fcr Problemhaut"}]},{"@type":"WebSite","@id":"https:\/\/www.medizinfuchs.de\/blog\/#website","url":"https:\/\/www.medizinfuchs.de\/blog\/","name":"medizinfuchs Blog","description":"Das Blog von medizinfuchs","publisher":{"@id":"https:\/\/www.medizinfuchs.de\/blog\/#organization"},"potentialAction":[{"@type":"SearchAction","target":{"@type":"EntryPoint","urlTemplate":"https:\/\/www.medizinfuchs.de\/blog\/?s={search_term_string}"},"query-input":{"@type":"PropertyValueSpecification","valueRequired":true,"valueName":"search_term_string"}}],"inLanguage":"de"},{"@type":"Organization","@id":"https:\/\/www.medizinfuchs.de\/blog\/#organization","name":"Medizinfuchs","url":"https:\/\/www.medizinfuchs.de\/blog\/","logo":{"@type":"ImageObject","inLanguage":"de","@id":"https:\/\/www.medizinfuchs.de\/blog\/#\/schema\/logo\/image\/","url":"https:\/\/www.medizinfuchs.de\/blog\/wp-content\/uploads\/2016\/05\/medizinfuchs_logo_blog_kl.png","contentUrl":"https:\/\/www.medizinfuchs.de\/blog\/wp-content\/uploads\/2016\/05\/medizinfuchs_logo_blog_kl.png","width":300,"height":112,"caption":"Medizinfuchs"},"image":{"@id":"https:\/\/www.medizinfuchs.de\/blog\/#\/schema\/logo\/image\/"},"sameAs":["https:\/\/www.facebook.com\/medizinfuchs","https:\/\/x.com\/medizinfuchs","https:\/\/www.instagram.com\/medizinfuchs.de\/","https:\/\/www.linkedin.com\/company\/10128774","https:\/\/de.pinterest.com\/medizinfuchs\/","https:\/\/www.youtube.com\/c\/medizinfuchs"]},{"@type":"Person","@id":"https:\/\/www.medizinfuchs.de\/blog\/#\/schema\/person\/d65636608aa6432e205ed8e963ae3f44","name":"Marie Franke","image":{"@type":"ImageObject","inLanguage":"de","@id":"https:\/\/secure.gravatar.com\/avatar\/2783995cfd9e2dedad933e9212e5aee5876ca843fd96b73a4f93da75c08a7f71?s=96&r=g","url":"https:\/\/secure.gravatar.com\/avatar\/2783995cfd9e2dedad933e9212e5aee5876ca843fd96b73a4f93da75c08a7f71?s=96&r=g","contentUrl":"https:\/\/secure.gravatar.com\/avatar\/2783995cfd9e2dedad933e9212e5aee5876ca843fd96b73a4f93da75c08a7f71?s=96&r=g","caption":"Marie Franke"},"description":"Marie Franke ist Erziehungswissenschaftlerin, Germanistin, Bloggerin und Mama. Das chaotische Leben mit ihrer 9-j\u00e4hrigen Tochter und ihrem 3-j\u00e4hrigen Sohn bietet genug Material f\u00fcr den Blog frauraufuss.de. Dort bloggt sie unter dem Pseudonym M\u00e4rry Raufuss. Irgendwann will sie mal Lehrerin werden, bis dahin gibt sie Einblick in den total normalen Wahnsinn einer studentischen Mama und in einer Patchworkfamilie. In ihrem Studium besch\u00e4ftigt sie sich mit den Themen Patchwork, Wandel der Familien und neuen Familienmodellen.","sameAs":["http:\/\/www.frauraufuss.de"],"url":"https:\/\/www.medizinfuchs.de\/blog\/author\/fr\/"}]}},"_links":{"self":[{"href":"https:\/\/www.medizinfuchs.de\/blog\/wp-json\/wp\/v2\/posts\/16014","targetHints":{"allow":["GET"]}}],"collection":[{"href":"https:\/\/www.medizinfuchs.de\/blog\/wp-json\/wp\/v2\/posts"}],"about":[{"href":"https:\/\/www.medizinfuchs.de\/blog\/wp-json\/wp\/v2\/types\/post"}],"author":[{"embeddable":true,"href":"https:\/\/www.medizinfuchs.de\/blog\/wp-json\/wp\/v2\/users\/24"}],"replies":[{"embeddable":true,"href":"https:\/\/www.medizinfuchs.de\/blog\/wp-json\/wp\/v2\/comments?post=16014"}],"version-history":[{"count":11,"href":"https:\/\/www.medizinfuchs.de\/blog\/wp-json\/wp\/v2\/posts\/16014\/revisions"}],"predecessor-version":[{"id":17776,"href":"https:\/\/www.medizinfuchs.de\/blog\/wp-json\/wp\/v2\/posts\/16014\/revisions\/17776"}],"wp:featuredmedia":[{"embeddable":true,"href":"https:\/\/www.medizinfuchs.de\/blog\/wp-json\/wp\/v2\/media\/16040"}],"wp:attachment":[{"href":"https:\/\/www.medizinfuchs.de\/blog\/wp-json\/wp\/v2\/media?parent=16014"}],"wp:term":[{"taxonomy":"category","embeddable":true,"href":"https:\/\/www.medizinfuchs.de\/blog\/wp-json\/wp\/v2\/categories?post=16014"},{"taxonomy":"post_tag","embeddable":true,"href":"https:\/\/www.medizinfuchs.de\/blog\/wp-json\/wp\/v2\/tags?post=16014"}],"curies":[{"name":"wp","href":"https:\/\/api.w.org\/{rel}","templated":true}]}}