{"id":1923,"date":"2016-11-03T11:45:51","date_gmt":"2016-11-03T10:45:51","guid":{"rendered":"https:\/\/www.medizinfuchs.de\/blog\/?p=1923"},"modified":"2019-09-02T10:18:24","modified_gmt":"2019-09-02T08:18:24","slug":"die-perfekte-haut-und-haar-pflege-im-herbst","status":"publish","type":"post","link":"https:\/\/www.medizinfuchs.de\/blog\/leben\/beauty-kosmetik-wellness\/die-perfekte-haut-und-haar-pflege-im-herbst\/","title":{"rendered":"Die perfekte Haut- und Haarpflege im Herbst"},"content":{"rendered":"<div class=\"entry-content\">\n<div class=\"mks_pullquote mks_pullquote_left\" style=\"width: 300px; font-size: 16px; color: #ffffff; background-color: #e64511;\">Wenn es drau\u00dfen k\u00e4lter wird und einem zunehmend der Wind um die Ohren pfeift, dann hei\u00dft es nicht nur die Garderobe dementsprechend anzupassen. Auch Haut und Haare ben\u00f6tigen gerade in dieser Jahreszeit besondere Aufmerksamkeit. Wie Sie die perfekte Haar- und Hautpflege im Herbst durchf\u00fchren und welche Produkte dabei helfen, erfahren Sie hier!<\/div>\n<p>Im \u00a0Herbst stellt sich das gr\u00f6\u00dfte menschliche Organ auf die kommende k\u00fchle Jahreszeit ein und wird aufgrund des Temperaturwechsels zwischen warm und kalt besonders beansprucht. Die Folgen sind ein fahler Teint, rissige Hautstellen und strohige Haare. Um dem entgegenzuwirken, ben\u00f6tigen Haut und Haar eine besondere Pflege! Dabei helfen auch die Produkte von\u00a0<a href=\"https:\/\/www.medizinfuchs.de\/abitima-clinic.html\" target=\"_blank\" rel=\"noopener noreferrer\">ABITIMA\u00ae CLINIC<\/a>, die speziell auf <a href=\"https:\/\/www.medizinfuchs.de\/kosmetik-koerperpflege\/gesicht\/trockene-haut-k2532.phtml\">trockene Haut<\/a> ausgelegt sind.<\/p>\n<h2>Warum unser K\u00f6rper im Herbst eine besondere Pflege ben\u00f6tigt<\/h2>\n<p><img loading=\"lazy\" decoding=\"async\" class=\"alignleft wp-image-2016 \" src=\"https:\/\/www.medizinfuchs.de\/blog\/wp-content\/uploads\/2016\/10\/Peeling-Frau_im_Spiegel-200x300.jpg\" alt=\"Mit einem Peeling machen Sie Ihr Gesicht fit f\u00fcr den Herbst. \" width=\"211\" height=\"317\" srcset=\"https:\/\/www.medizinfuchs.de\/blog\/wp-content\/uploads\/2016\/10\/Peeling-Frau_im_Spiegel-200x300.jpg 200w, https:\/\/www.medizinfuchs.de\/blog\/wp-content\/uploads\/2016\/10\/Peeling-Frau_im_Spiegel-682x1024.jpg 682w, https:\/\/www.medizinfuchs.de\/blog\/wp-content\/uploads\/2016\/10\/Peeling-Frau_im_Spiegel-768x1152.jpg 768w, https:\/\/www.medizinfuchs.de\/blog\/wp-content\/uploads\/2016\/10\/Peeling-Frau_im_Spiegel-1024x1536.jpg 1024w, https:\/\/www.medizinfuchs.de\/blog\/wp-content\/uploads\/2016\/10\/Peeling-Frau_im_Spiegel-410x615.jpg 410w, https:\/\/www.medizinfuchs.de\/blog\/wp-content\/uploads\/2016\/10\/Peeling-Frau_im_Spiegel-810x1215.jpg 810w, https:\/\/www.medizinfuchs.de\/blog\/wp-content\/uploads\/2016\/10\/Peeling-Frau_im_Spiegel.jpg 1131w\" sizes=\"auto, (max-width: 211px) 100vw, 211px\" \/>Mit den sinkenden Temperaturen reagieren zudem die Talgdr\u00fcsen und produzieren mehr Fett, um die Haut vor \u00e4u\u00dferen Einfl\u00fcssen zu sch\u00fctzen. Im Anschluss nimmt die Talgproduktion jedoch mit zunehmend k\u00e4lteren Temperaturen wieder ab und die Haut trocknet aus. Kleine Risse, verst\u00e4rktes Jucken und Reizungen sind die Folgen.\u00a0Am besten werden diese durch <a href=\"https:\/\/www.medizinfuchs.de\/blog\/leben\/beauty-kosmetik-wellness\/gesunde-haut-durch-gesunde-ernaehrung\/\" target=\"_blank\" rel=\"noopener noreferrer\">richtige Ern\u00e4hrung<\/a>, viel Fl\u00fcssigkeit und mit speziellen Cremes und Pflegeprodukten ausgeglichen, die mit r\u00fcckfettenden Substanzen wie <a href=\"https:\/\/www.medizinfuchs.de\/urea.html\">Urea<\/a>, <a href=\"https:\/\/www.medizinfuchs.de\/sheabutter.html\" target=\"_blank\" rel=\"noopener noreferrer\">Sheabutter<\/a> oder <a href=\"https:\/\/www.medizinfuchs.de\/nachtkerzen\u00f6l.html\">Nachtkerzen\u00f6l<\/a> best\u00fcckt sind. Diese sorgen daf\u00fcr, dass der Hydrolipidfilm wieder hergestellt wird und sich spr\u00f6de Hautstellen erholen.<\/p>\n<h2>Wie einem m\u00fcden Teint und beanspruchte Hautpartien entgegenwirken<\/h2>\n<p>Um dem Grauschleier im Gesicht den Gar auszumachen, helfen Masken und sanfte <a href=\"https:\/\/www.medizinfuchs.de\/peeling.html\" target=\"_blank\" rel=\"noopener noreferrer\">Peelings<\/a>. Diese entfernen alte Hautsch\u00fcppchen und regen die Durchblutung an. Sind die <a href=\"https:\/\/www.medizinfuchs.de\/?params%5Bsearch%5D=abitima+clinic&amp;params%5Bsearch_cat%5D=1\" target=\"_blank\" rel=\"noopener noreferrer\">Pflegeprodukte<\/a> mit\u00a0Wirkstoffen wie <a href=\"https:\/\/www.medizinfuchs.de\/ernaehrung-vitalitaet\/vitamine-und-mineralien-k798.phtml\">Vitaminen<\/a>, <a href=\"https:\/\/www.medizinfuchs.de\/coenzym-q10.html\">Coenzym Q10<\/a>, <a href=\"https:\/\/www.medizinfuchs.de\/wei%25C3%259Fer-tee.html\">wei\u00dfem Tee<\/a> und Farnextrakten versehen, sorgen diese zus\u00e4tzlich f\u00fcr einen strafferen Teint.<\/p>\n<p><img loading=\"lazy\" decoding=\"async\" class=\"alignright wp-image-8671 size-medium\" src=\"https:\/\/www.medizinfuchs.de\/blog\/wp-content\/uploads\/2016\/11\/06812408-300x300.jpg\" alt=\"K\u00f6rpercreme Abitima Clinic\" width=\"300\" height=\"300\" srcset=\"https:\/\/www.medizinfuchs.de\/blog\/wp-content\/uploads\/2016\/11\/06812408-300x300.jpg 300w, https:\/\/www.medizinfuchs.de\/blog\/wp-content\/uploads\/2016\/11\/06812408-150x150.jpg 150w, https:\/\/www.medizinfuchs.de\/blog\/wp-content\/uploads\/2016\/11\/06812408-410x410.jpg 410w, https:\/\/www.medizinfuchs.de\/blog\/wp-content\/uploads\/2016\/11\/06812408.jpg 500w\" sizes=\"auto, (max-width: 300px) 100vw, 300px\" \/>Um dem Spannungsgef\u00fchl durch die Trockenheit entgegenzuwirken, hilft ein hochkonzentriertes Serum, das unter der Tagescreme oder als Maske \u00fcber Nacht aufgetragen wird. Aber nicht nur das Gesicht, sondern der ganze K\u00f6rper ben\u00f6tigt eine verst\u00e4rkte Pflege in der kalten Jahreszeit. Denn gerade an den Schienbeinen und Ellbogen kommt es zum Jahreszeitenwechsel besonders zu schuppigen, trockenen und juckenden Hautstellen.<\/p>\n<a class=\"mks_button mks_button_large squared\" href=\"https:\/\/www.medizinfuchs.de\/preisvergleich\/abitima-clinic-koerpercreme-100-ml-puren-pharma-gmbh-co.-kg-pzn-6812408.html\" target=\"_blank\" style=\"color: #FFFFFF; background-color: #e64511;\" >ABITIMA\u00ae CLINIC K\u00f6rpercreme<\/a>\n<\/div>\n<h2>H\u00e4nde und Lippen brauchen im Herbst mehr Pflege<\/h2>\n<div class=\"entry-content\">\n<p>Das liegt daran, dass hier weniger Talgdr\u00fcsen vorhanden sind. Fettreiche Cremes mit beruhigendem Panthenol und Lipiden verhindern, dass rissige Stellen entstehen. Nicht zu vergessen ist die besondere <a href=\"https:\/\/www.medizinfuchs.de\/kategorien\/hautpflege-schutz\/lippenpflege-130.html\" target=\"_blank\" rel=\"noopener noreferrer\">Lippen<\/a>&#8211; und <a href=\"https:\/\/www.medizinfuchs.de\/preisvergleich\/abitima-clinic-handcreme-100-ml-puren-pharma-gmbh-co.-kg-pzn-6497912.html\" target=\"_blank\" rel=\"noopener noreferrer\">Handpflege<\/a>. Denn diese K\u00f6rperpartien sind empfindlicher und zuallererst den kalten Wettereinfl\u00fcssen ausgesetzt. H\u00e4nde sollten deshalb nach jeder Handw\u00e4sche gut eingecremt werden. Ein fettreicher Lipbalsam mit Bienen- oder Palmwachs ist ein Muss, um spr\u00f6de und raue Lippen zu verhindern.<\/p>\n<\/div>\n<div class=\"entry-content\">\n<h2>Beanspruchtes Haar im Herbst reparieren<\/h2>\n<p>Gerade wenn das Wetter k\u00e4lter wird unterst\u00fctzen Sp\u00fclungen und <a href=\"https:\/\/www.medizinfuchs.de\/preisvergleich\/abitima-clinic-shampoo-200-ml-puren-pharma-gmbh-co.-kg-pzn-7769034.html\" target=\"_blank\" rel=\"noopener noreferrer\">Shampoos\u00a0<\/a>die Haarstruktur beim Regenerieren. Besonders wirksam sind Pflegeprodukte, die Weizenproteine, <a href=\"https:\/\/www.medizinfuchs.de\/eukalyptus.html\">Eukalyptus<\/a> und <a href=\"https:\/\/www.medizinfuchs.de\/zinnkraut.html\">Zinnkraut<\/a> beinhalten, da diese Wirkstoffe das Haar von innen heraus kr\u00e4ftigen. F\u00fcr das Haarwachstum und die Regeneration der Haarstruktur spielen Zink, Biotin und Spurenelemente eine wichtige Rolle. Da das Haar nicht nur durch die K\u00e4lte und die Heizungsluft, sondern auch durch M\u00fctzen und Schals beansprucht wird, sind w\u00f6chentliche Kur-Packungen ein Muss. Zus\u00e4tzlich lassen sich trockene Spitzen mit <a href=\"https:\/\/www.medizinfuchs.de\/preisvergleich\/weleda-intensiv-pflegendes-haaroel-50-ml-weleda-ag-pzn-7126388.html\" target=\"_blank\" rel=\"noopener noreferrer\">Haar\u00f6len<\/a> optimal pflegen.<\/p>\n<p><img loading=\"lazy\" decoding=\"async\" class=\"aligncenter wp-image-2018 size-large\" src=\"https:\/\/www.medizinfuchs.de\/blog\/wp-content\/uploads\/2016\/10\/Beanspruchtes_Haar_pflegen-1024x580.jpg\" alt=\"Beanspruchtes Haar nach dem Sommer general\u00fcberholen\" width=\"810\" height=\"459\" srcset=\"https:\/\/www.medizinfuchs.de\/blog\/wp-content\/uploads\/2016\/10\/Beanspruchtes_Haar_pflegen-1024x580.jpg 1024w, https:\/\/www.medizinfuchs.de\/blog\/wp-content\/uploads\/2016\/10\/Beanspruchtes_Haar_pflegen-300x170.jpg 300w, https:\/\/www.medizinfuchs.de\/blog\/wp-content\/uploads\/2016\/10\/Beanspruchtes_Haar_pflegen-768x435.jpg 768w, https:\/\/www.medizinfuchs.de\/blog\/wp-content\/uploads\/2016\/10\/Beanspruchtes_Haar_pflegen-1536x869.jpg 1536w, https:\/\/www.medizinfuchs.de\/blog\/wp-content\/uploads\/2016\/10\/Beanspruchtes_Haar_pflegen-410x232.jpg 410w, https:\/\/www.medizinfuchs.de\/blog\/wp-content\/uploads\/2016\/10\/Beanspruchtes_Haar_pflegen-810x458.jpg 810w, https:\/\/www.medizinfuchs.de\/blog\/wp-content\/uploads\/2016\/10\/Beanspruchtes_Haar_pflegen-1140x645.jpg 1140w, https:\/\/www.medizinfuchs.de\/blog\/wp-content\/uploads\/2016\/10\/Beanspruchtes_Haar_pflegen.jpg 1841w\" sizes=\"auto, (max-width: 810px) 100vw, 810px\" \/><\/p>\n<h2>Mit den richtigen Pflegeprodukten die Beauty-Tipps f\u00fcr die zunehmend kalte Jahreszeit umsetzen<\/h2>\n<p>Die kalte Jahreszeit hat den Vorteil, dass Beauty-Tage im gem\u00fctlichen Zuhause noch mehr Spa\u00df machen. Was halten Sie davon einen Beauty-Shopping-Tag zu unternehmen? Denn mit den richtigen Pflegeprodukten werden Sie Ihre m\u00fcde\u00a0Haut\u00a0und beanspruchtes Haar wieder flott machen. Achten Sie beim Kauf von <a href=\"https:\/\/www.medizinfuchs.de\/preisvergleich\/abitima-clinic-handcreme-100-ml-puren-pharma-gmbh-co.-kg-pzn-6497912.html\" target=\"_blank\" rel=\"noopener noreferrer\">Handcremes<\/a>, Haarmasken, Gesichtsfluid und <a href=\"https:\/\/www.medizinfuchs.de\/kosmetik-koerperpflege-k1351.phtml\" target=\"_blank\" rel=\"noopener noreferrer\">K\u00f6rperpflegeprodukten<\/a> auf die passenden Inhaltsstoffe, um die gew\u00fcnschten Effekte rasch zu erzielen. Dann werden Sie sich auch im\u00a0Herbst\u00a0rundum wohl f\u00fchlen!<\/p>\n<a class=\"mks_button mks_button_large squared\" href=\"https:\/\/www.medizinfuchs.de\/abitima-clinic.html\" target=\"_blank\" style=\"color: #FFFFFF; background-color: #e64511;\" >ABITIMA\u00ae CLINIC bei trockener Haut<\/a>\n<\/div>\n<div class=\"entry-content\">\n<h2>Leidet Ihre Haut im Herbst auch? Welche Tipps f\u00fcr die Pflege im Herbst kennen Sie? Wir freuen uns \u00fcber Ihren Kommentar.<\/h2>\n<\/div>\n","protected":false},"excerpt":{"rendered":"<p>Wenn es drau\u00dfen k\u00e4lter wird und einem zunehmend der Wind um die Ohren pfeift, dann hei\u00dft es nicht nur die Garderobe dementsprechend anzupassen. Auch Haut und Haare ben\u00f6tigen gerade in dieser Jahreszeit besondere Aufmerksamkeit. Wie Sie die perfekte Haar- und Hautpflege im Herbst durchf\u00fchren und welche Produkte dabei helfen, erfahren Sie hier! Im \u00a0Herbst stellt [&hellip;]<\/p>\n","protected":false},"author":19,"featured_media":1927,"comment_status":"open","ping_status":"open","sticky":false,"template":"","format":"standard","meta":{"footnotes":""},"categories":[40],"tags":[314,327,183,315,313,326,316,290],"class_list":["post-1923","post","type-post","status-publish","format-standard","has-post-thumbnail","hentry","category-beauty-kosmetik-wellness","tag-haar","tag-handpflege","tag-haut","tag-herbst","tag-jahreszeit","tag-lippenpflege","tag-pflege","tag-winter"],"yoast_head":"<!-- This site is optimized with the Yoast SEO plugin v27.4 - https:\/\/yoast.com\/product\/yoast-seo-wordpress\/ -->\n<title>Tipps: Die perfekte Haut- und Haarpflege im Herbst<\/title>\n<meta name=\"description\" content=\"Wer rissig-juckende Hautpartien im Herbst vermeiden m\u00f6chte, muss diese besonders aufmerksam pflegen. Mit diesen Tipps versorgen Sie Haut und Haar optimal.\" \/>\n<meta name=\"robots\" content=\"index, follow, max-snippet:-1, max-image-preview:large, max-video-preview:-1\" \/>\n<link rel=\"canonical\" href=\"https:\/\/www.medizinfuchs.de\/blog\/leben\/beauty-kosmetik-wellness\/die-perfekte-haut-und-haar-pflege-im-herbst\/\" \/>\n<meta property=\"og:locale\" content=\"de_DE\" \/>\n<meta property=\"og:type\" content=\"article\" \/>\n<meta property=\"og:title\" content=\"Tipps: Die perfekte Haut- und Haarpflege im Herbst\" \/>\n<meta property=\"og:description\" content=\"Wer rissig-juckende Hautpartien im Herbst vermeiden m\u00f6chte, muss diese besonders aufmerksam pflegen. Mit diesen Tipps versorgen Sie Haut und Haar optimal.\" \/>\n<meta property=\"og:url\" content=\"https:\/\/www.medizinfuchs.de\/blog\/leben\/beauty-kosmetik-wellness\/die-perfekte-haut-und-haar-pflege-im-herbst\/\" \/>\n<meta property=\"og:site_name\" content=\"medizinfuchs Blog\" \/>\n<meta property=\"article:publisher\" content=\"https:\/\/www.facebook.com\/medizinfuchs\" \/>\n<meta property=\"article:author\" content=\"https:\/\/www.facebook.com\/medizinfuchs\" \/>\n<meta property=\"article:published_time\" content=\"2016-11-03T10:45:51+00:00\" \/>\n<meta property=\"article:modified_time\" content=\"2019-09-02T08:18:24+00:00\" \/>\n<meta property=\"og:image\" content=\"https:\/\/www.medizinfuchs.de\/blog\/wp-content\/uploads\/2016\/10\/Haut_und_Haarpflege_im_Herbst.jpg\" \/>\n\t<meta property=\"og:image:width\" content=\"1697\" \/>\n\t<meta property=\"og:image:height\" content=\"1131\" \/>\n\t<meta property=\"og:image:type\" content=\"image\/jpeg\" \/>\n<meta name=\"author\" content=\"medizinfuchs Redaktion\" \/>\n<meta name=\"twitter:card\" content=\"summary_large_image\" \/>\n<meta name=\"twitter:creator\" content=\"@https:\/\/twitter.com\/medizinfuchs\" \/>\n<meta name=\"twitter:site\" content=\"@medizinfuchs\" \/>\n<meta name=\"twitter:label1\" content=\"Verfasst von\" \/>\n\t<meta name=\"twitter:data1\" content=\"medizinfuchs Redaktion\" \/>\n\t<meta name=\"twitter:label2\" content=\"Gesch\u00e4tzte Lesezeit\" \/>\n\t<meta name=\"twitter:data2\" content=\"4\u00a0Minuten\" \/>\n<script type=\"application\/ld+json\" class=\"yoast-schema-graph\">{\"@context\":\"https:\\\/\\\/schema.org\",\"@graph\":[{\"@type\":[\"Article\",\"BlogPosting\"],\"@id\":\"https:\\\/\\\/www.medizinfuchs.de\\\/blog\\\/leben\\\/beauty-kosmetik-wellness\\\/die-perfekte-haut-und-haar-pflege-im-herbst\\\/#article\",\"isPartOf\":{\"@id\":\"https:\\\/\\\/www.medizinfuchs.de\\\/blog\\\/leben\\\/beauty-kosmetik-wellness\\\/die-perfekte-haut-und-haar-pflege-im-herbst\\\/\"},\"author\":{\"name\":\"medizinfuchs Redaktion\",\"@id\":\"https:\\\/\\\/www.medizinfuchs.de\\\/blog\\\/#\\\/schema\\\/person\\\/b0f7c84dfbefe8c55e13eb969d37c7e9\"},\"headline\":\"Die perfekte Haut- und Haarpflege im Herbst\",\"datePublished\":\"2016-11-03T10:45:51+00:00\",\"dateModified\":\"2019-09-02T08:18:24+00:00\",\"mainEntityOfPage\":{\"@id\":\"https:\\\/\\\/www.medizinfuchs.de\\\/blog\\\/leben\\\/beauty-kosmetik-wellness\\\/die-perfekte-haut-und-haar-pflege-im-herbst\\\/\"},\"wordCount\":709,\"commentCount\":2,\"publisher\":{\"@id\":\"https:\\\/\\\/www.medizinfuchs.de\\\/blog\\\/#organization\"},\"image\":{\"@id\":\"https:\\\/\\\/www.medizinfuchs.de\\\/blog\\\/leben\\\/beauty-kosmetik-wellness\\\/die-perfekte-haut-und-haar-pflege-im-herbst\\\/#primaryimage\"},\"thumbnailUrl\":\"https:\\\/\\\/www.medizinfuchs.de\\\/blog\\\/wp-content\\\/uploads\\\/2016\\\/10\\\/Haut_und_Haarpflege_im_Herbst.jpg\",\"keywords\":[\"Haar\",\"Handpflege\",\"haut\",\"Herbst\",\"Jahreszeit\",\"Lippenpflege\",\"Pflege\",\"Winter\"],\"articleSection\":[\"Beauty, Kosmetik &amp; Wellness\"],\"inLanguage\":\"de\",\"potentialAction\":[{\"@type\":\"CommentAction\",\"name\":\"Comment\",\"target\":[\"https:\\\/\\\/www.medizinfuchs.de\\\/blog\\\/leben\\\/beauty-kosmetik-wellness\\\/die-perfekte-haut-und-haar-pflege-im-herbst\\\/#respond\"]}]},{\"@type\":\"WebPage\",\"@id\":\"https:\\\/\\\/www.medizinfuchs.de\\\/blog\\\/leben\\\/beauty-kosmetik-wellness\\\/die-perfekte-haut-und-haar-pflege-im-herbst\\\/\",\"url\":\"https:\\\/\\\/www.medizinfuchs.de\\\/blog\\\/leben\\\/beauty-kosmetik-wellness\\\/die-perfekte-haut-und-haar-pflege-im-herbst\\\/\",\"name\":\"Tipps: Die perfekte Haut- und Haarpflege im Herbst\",\"isPartOf\":{\"@id\":\"https:\\\/\\\/www.medizinfuchs.de\\\/blog\\\/#website\"},\"primaryImageOfPage\":{\"@id\":\"https:\\\/\\\/www.medizinfuchs.de\\\/blog\\\/leben\\\/beauty-kosmetik-wellness\\\/die-perfekte-haut-und-haar-pflege-im-herbst\\\/#primaryimage\"},\"image\":{\"@id\":\"https:\\\/\\\/www.medizinfuchs.de\\\/blog\\\/leben\\\/beauty-kosmetik-wellness\\\/die-perfekte-haut-und-haar-pflege-im-herbst\\\/#primaryimage\"},\"thumbnailUrl\":\"https:\\\/\\\/www.medizinfuchs.de\\\/blog\\\/wp-content\\\/uploads\\\/2016\\\/10\\\/Haut_und_Haarpflege_im_Herbst.jpg\",\"datePublished\":\"2016-11-03T10:45:51+00:00\",\"dateModified\":\"2019-09-02T08:18:24+00:00\",\"description\":\"Wer rissig-juckende Hautpartien im Herbst vermeiden m\u00f6chte, muss diese besonders aufmerksam pflegen. Mit diesen Tipps versorgen Sie Haut und Haar optimal.\",\"breadcrumb\":{\"@id\":\"https:\\\/\\\/www.medizinfuchs.de\\\/blog\\\/leben\\\/beauty-kosmetik-wellness\\\/die-perfekte-haut-und-haar-pflege-im-herbst\\\/#breadcrumb\"},\"inLanguage\":\"de\",\"potentialAction\":[{\"@type\":\"ReadAction\",\"target\":[\"https:\\\/\\\/www.medizinfuchs.de\\\/blog\\\/leben\\\/beauty-kosmetik-wellness\\\/die-perfekte-haut-und-haar-pflege-im-herbst\\\/\"]}]},{\"@type\":\"ImageObject\",\"inLanguage\":\"de\",\"@id\":\"https:\\\/\\\/www.medizinfuchs.de\\\/blog\\\/leben\\\/beauty-kosmetik-wellness\\\/die-perfekte-haut-und-haar-pflege-im-herbst\\\/#primaryimage\",\"url\":\"https:\\\/\\\/www.medizinfuchs.de\\\/blog\\\/wp-content\\\/uploads\\\/2016\\\/10\\\/Haut_und_Haarpflege_im_Herbst.jpg\",\"contentUrl\":\"https:\\\/\\\/www.medizinfuchs.de\\\/blog\\\/wp-content\\\/uploads\\\/2016\\\/10\\\/Haut_und_Haarpflege_im_Herbst.jpg\",\"width\":1697,\"height\":1131,\"caption\":\"Die perfekte Haar- und Haut-Pflege im Herbst\"},{\"@type\":\"BreadcrumbList\",\"@id\":\"https:\\\/\\\/www.medizinfuchs.de\\\/blog\\\/leben\\\/beauty-kosmetik-wellness\\\/die-perfekte-haut-und-haar-pflege-im-herbst\\\/#breadcrumb\",\"itemListElement\":[{\"@type\":\"ListItem\",\"position\":1,\"name\":\"Startseite\",\"item\":\"https:\\\/\\\/www.medizinfuchs.de\\\/blog\\\/\"},{\"@type\":\"ListItem\",\"position\":2,\"name\":\"Die perfekte Haut- und Haarpflege im Herbst\"}]},{\"@type\":\"WebSite\",\"@id\":\"https:\\\/\\\/www.medizinfuchs.de\\\/blog\\\/#website\",\"url\":\"https:\\\/\\\/www.medizinfuchs.de\\\/blog\\\/\",\"name\":\"medizinfuchs Blog\",\"description\":\"Das Blog von medizinfuchs\",\"publisher\":{\"@id\":\"https:\\\/\\\/www.medizinfuchs.de\\\/blog\\\/#organization\"},\"potentialAction\":[{\"@type\":\"SearchAction\",\"target\":{\"@type\":\"EntryPoint\",\"urlTemplate\":\"https:\\\/\\\/www.medizinfuchs.de\\\/blog\\\/?s={search_term_string}\"},\"query-input\":{\"@type\":\"PropertyValueSpecification\",\"valueRequired\":true,\"valueName\":\"search_term_string\"}}],\"inLanguage\":\"de\"},{\"@type\":\"Organization\",\"@id\":\"https:\\\/\\\/www.medizinfuchs.de\\\/blog\\\/#organization\",\"name\":\"Medizinfuchs\",\"url\":\"https:\\\/\\\/www.medizinfuchs.de\\\/blog\\\/\",\"logo\":{\"@type\":\"ImageObject\",\"inLanguage\":\"de\",\"@id\":\"https:\\\/\\\/www.medizinfuchs.de\\\/blog\\\/#\\\/schema\\\/logo\\\/image\\\/\",\"url\":\"https:\\\/\\\/www.medizinfuchs.de\\\/blog\\\/wp-content\\\/uploads\\\/2016\\\/05\\\/medizinfuchs_logo_blog_kl.png\",\"contentUrl\":\"https:\\\/\\\/www.medizinfuchs.de\\\/blog\\\/wp-content\\\/uploads\\\/2016\\\/05\\\/medizinfuchs_logo_blog_kl.png\",\"width\":300,\"height\":112,\"caption\":\"Medizinfuchs\"},\"image\":{\"@id\":\"https:\\\/\\\/www.medizinfuchs.de\\\/blog\\\/#\\\/schema\\\/logo\\\/image\\\/\"},\"sameAs\":[\"https:\\\/\\\/www.facebook.com\\\/medizinfuchs\",\"https:\\\/\\\/x.com\\\/medizinfuchs\",\"https:\\\/\\\/www.instagram.com\\\/medizinfuchs.de\\\/\",\"https:\\\/\\\/www.linkedin.com\\\/company\\\/10128774\",\"https:\\\/\\\/de.pinterest.com\\\/medizinfuchs\\\/\",\"https:\\\/\\\/www.youtube.com\\\/c\\\/medizinfuchs\"]},{\"@type\":\"Person\",\"@id\":\"https:\\\/\\\/www.medizinfuchs.de\\\/blog\\\/#\\\/schema\\\/person\\\/b0f7c84dfbefe8c55e13eb969d37c7e9\",\"name\":\"medizinfuchs Redaktion\",\"image\":{\"@type\":\"ImageObject\",\"inLanguage\":\"de\",\"@id\":\"https:\\\/\\\/secure.gravatar.com\\\/avatar\\\/b67f3fa695af6d724fcfce9e1452b50cb0526d9d16df48c6dc1dd20e5634204f?s=96&r=g\",\"url\":\"https:\\\/\\\/secure.gravatar.com\\\/avatar\\\/b67f3fa695af6d724fcfce9e1452b50cb0526d9d16df48c6dc1dd20e5634204f?s=96&r=g\",\"contentUrl\":\"https:\\\/\\\/secure.gravatar.com\\\/avatar\\\/b67f3fa695af6d724fcfce9e1452b50cb0526d9d16df48c6dc1dd20e5634204f?s=96&r=g\",\"caption\":\"medizinfuchs Redaktion\"},\"description\":\"Die Blog-Redaktion von Deutschlands bestem Preisvergleich f\u00fcr Medikamente und Gesundheitsprodukte erstellt hier im Blog interessante Hintergr\u00fcnde, Wissenswertes und Unterhaltsames rund um die Themen Gesundheit, Ern\u00e4hrung, Wellness und Beauty.\",\"sameAs\":[\"https:\\\/\\\/www.medizinfuchs.de\",\"https:\\\/\\\/www.facebook.com\\\/medizinfuchs\",\"https:\\\/\\\/www.instagram.com\\\/medizinfuchs.de\\\/\",\"https:\\\/\\\/de.pinterest.com\\\/medizinfuchs\\\/\",\"https:\\\/\\\/x.com\\\/https:\\\/\\\/twitter.com\\\/medizinfuchs\",\"http:\\\/\\\/medizinfuchs.tumblr.com\\\/\"],\"url\":\"https:\\\/\\\/www.medizinfuchs.de\\\/blog\\\/author\\\/mf\\\/\"}]}<\/script>\n<!-- \/ Yoast SEO plugin. -->","yoast_head_json":{"title":"Tipps: Die perfekte Haut- und Haarpflege im Herbst","description":"Wer rissig-juckende Hautpartien im Herbst vermeiden m\u00f6chte, muss diese besonders aufmerksam pflegen. Mit diesen Tipps versorgen Sie Haut und Haar optimal.","robots":{"index":"index","follow":"follow","max-snippet":"max-snippet:-1","max-image-preview":"max-image-preview:large","max-video-preview":"max-video-preview:-1"},"canonical":"https:\/\/www.medizinfuchs.de\/blog\/leben\/beauty-kosmetik-wellness\/die-perfekte-haut-und-haar-pflege-im-herbst\/","og_locale":"de_DE","og_type":"article","og_title":"Tipps: Die perfekte Haut- und Haarpflege im Herbst","og_description":"Wer rissig-juckende Hautpartien im Herbst vermeiden m\u00f6chte, muss diese besonders aufmerksam pflegen. Mit diesen Tipps versorgen Sie Haut und Haar optimal.","og_url":"https:\/\/www.medizinfuchs.de\/blog\/leben\/beauty-kosmetik-wellness\/die-perfekte-haut-und-haar-pflege-im-herbst\/","og_site_name":"medizinfuchs Blog","article_publisher":"https:\/\/www.facebook.com\/medizinfuchs","article_author":"https:\/\/www.facebook.com\/medizinfuchs","article_published_time":"2016-11-03T10:45:51+00:00","article_modified_time":"2019-09-02T08:18:24+00:00","og_image":[{"width":1697,"height":1131,"url":"https:\/\/www.medizinfuchs.de\/blog\/wp-content\/uploads\/2016\/10\/Haut_und_Haarpflege_im_Herbst.jpg","type":"image\/jpeg"}],"author":"medizinfuchs Redaktion","twitter_card":"summary_large_image","twitter_creator":"@https:\/\/twitter.com\/medizinfuchs","twitter_site":"@medizinfuchs","twitter_misc":{"Verfasst von":"medizinfuchs Redaktion","Gesch\u00e4tzte Lesezeit":"4\u00a0Minuten"},"schema":{"@context":"https:\/\/schema.org","@graph":[{"@type":["Article","BlogPosting"],"@id":"https:\/\/www.medizinfuchs.de\/blog\/leben\/beauty-kosmetik-wellness\/die-perfekte-haut-und-haar-pflege-im-herbst\/#article","isPartOf":{"@id":"https:\/\/www.medizinfuchs.de\/blog\/leben\/beauty-kosmetik-wellness\/die-perfekte-haut-und-haar-pflege-im-herbst\/"},"author":{"name":"medizinfuchs Redaktion","@id":"https:\/\/www.medizinfuchs.de\/blog\/#\/schema\/person\/b0f7c84dfbefe8c55e13eb969d37c7e9"},"headline":"Die perfekte Haut- und Haarpflege im Herbst","datePublished":"2016-11-03T10:45:51+00:00","dateModified":"2019-09-02T08:18:24+00:00","mainEntityOfPage":{"@id":"https:\/\/www.medizinfuchs.de\/blog\/leben\/beauty-kosmetik-wellness\/die-perfekte-haut-und-haar-pflege-im-herbst\/"},"wordCount":709,"commentCount":2,"publisher":{"@id":"https:\/\/www.medizinfuchs.de\/blog\/#organization"},"image":{"@id":"https:\/\/www.medizinfuchs.de\/blog\/leben\/beauty-kosmetik-wellness\/die-perfekte-haut-und-haar-pflege-im-herbst\/#primaryimage"},"thumbnailUrl":"https:\/\/www.medizinfuchs.de\/blog\/wp-content\/uploads\/2016\/10\/Haut_und_Haarpflege_im_Herbst.jpg","keywords":["Haar","Handpflege","haut","Herbst","Jahreszeit","Lippenpflege","Pflege","Winter"],"articleSection":["Beauty, Kosmetik &amp; Wellness"],"inLanguage":"de","potentialAction":[{"@type":"CommentAction","name":"Comment","target":["https:\/\/www.medizinfuchs.de\/blog\/leben\/beauty-kosmetik-wellness\/die-perfekte-haut-und-haar-pflege-im-herbst\/#respond"]}]},{"@type":"WebPage","@id":"https:\/\/www.medizinfuchs.de\/blog\/leben\/beauty-kosmetik-wellness\/die-perfekte-haut-und-haar-pflege-im-herbst\/","url":"https:\/\/www.medizinfuchs.de\/blog\/leben\/beauty-kosmetik-wellness\/die-perfekte-haut-und-haar-pflege-im-herbst\/","name":"Tipps: Die perfekte Haut- und Haarpflege im Herbst","isPartOf":{"@id":"https:\/\/www.medizinfuchs.de\/blog\/#website"},"primaryImageOfPage":{"@id":"https:\/\/www.medizinfuchs.de\/blog\/leben\/beauty-kosmetik-wellness\/die-perfekte-haut-und-haar-pflege-im-herbst\/#primaryimage"},"image":{"@id":"https:\/\/www.medizinfuchs.de\/blog\/leben\/beauty-kosmetik-wellness\/die-perfekte-haut-und-haar-pflege-im-herbst\/#primaryimage"},"thumbnailUrl":"https:\/\/www.medizinfuchs.de\/blog\/wp-content\/uploads\/2016\/10\/Haut_und_Haarpflege_im_Herbst.jpg","datePublished":"2016-11-03T10:45:51+00:00","dateModified":"2019-09-02T08:18:24+00:00","description":"Wer rissig-juckende Hautpartien im Herbst vermeiden m\u00f6chte, muss diese besonders aufmerksam pflegen. Mit diesen Tipps versorgen Sie Haut und Haar optimal.","breadcrumb":{"@id":"https:\/\/www.medizinfuchs.de\/blog\/leben\/beauty-kosmetik-wellness\/die-perfekte-haut-und-haar-pflege-im-herbst\/#breadcrumb"},"inLanguage":"de","potentialAction":[{"@type":"ReadAction","target":["https:\/\/www.medizinfuchs.de\/blog\/leben\/beauty-kosmetik-wellness\/die-perfekte-haut-und-haar-pflege-im-herbst\/"]}]},{"@type":"ImageObject","inLanguage":"de","@id":"https:\/\/www.medizinfuchs.de\/blog\/leben\/beauty-kosmetik-wellness\/die-perfekte-haut-und-haar-pflege-im-herbst\/#primaryimage","url":"https:\/\/www.medizinfuchs.de\/blog\/wp-content\/uploads\/2016\/10\/Haut_und_Haarpflege_im_Herbst.jpg","contentUrl":"https:\/\/www.medizinfuchs.de\/blog\/wp-content\/uploads\/2016\/10\/Haut_und_Haarpflege_im_Herbst.jpg","width":1697,"height":1131,"caption":"Die perfekte Haar- und Haut-Pflege im Herbst"},{"@type":"BreadcrumbList","@id":"https:\/\/www.medizinfuchs.de\/blog\/leben\/beauty-kosmetik-wellness\/die-perfekte-haut-und-haar-pflege-im-herbst\/#breadcrumb","itemListElement":[{"@type":"ListItem","position":1,"name":"Startseite","item":"https:\/\/www.medizinfuchs.de\/blog\/"},{"@type":"ListItem","position":2,"name":"Die perfekte Haut- und Haarpflege im Herbst"}]},{"@type":"WebSite","@id":"https:\/\/www.medizinfuchs.de\/blog\/#website","url":"https:\/\/www.medizinfuchs.de\/blog\/","name":"medizinfuchs Blog","description":"Das Blog von medizinfuchs","publisher":{"@id":"https:\/\/www.medizinfuchs.de\/blog\/#organization"},"potentialAction":[{"@type":"SearchAction","target":{"@type":"EntryPoint","urlTemplate":"https:\/\/www.medizinfuchs.de\/blog\/?s={search_term_string}"},"query-input":{"@type":"PropertyValueSpecification","valueRequired":true,"valueName":"search_term_string"}}],"inLanguage":"de"},{"@type":"Organization","@id":"https:\/\/www.medizinfuchs.de\/blog\/#organization","name":"Medizinfuchs","url":"https:\/\/www.medizinfuchs.de\/blog\/","logo":{"@type":"ImageObject","inLanguage":"de","@id":"https:\/\/www.medizinfuchs.de\/blog\/#\/schema\/logo\/image\/","url":"https:\/\/www.medizinfuchs.de\/blog\/wp-content\/uploads\/2016\/05\/medizinfuchs_logo_blog_kl.png","contentUrl":"https:\/\/www.medizinfuchs.de\/blog\/wp-content\/uploads\/2016\/05\/medizinfuchs_logo_blog_kl.png","width":300,"height":112,"caption":"Medizinfuchs"},"image":{"@id":"https:\/\/www.medizinfuchs.de\/blog\/#\/schema\/logo\/image\/"},"sameAs":["https:\/\/www.facebook.com\/medizinfuchs","https:\/\/x.com\/medizinfuchs","https:\/\/www.instagram.com\/medizinfuchs.de\/","https:\/\/www.linkedin.com\/company\/10128774","https:\/\/de.pinterest.com\/medizinfuchs\/","https:\/\/www.youtube.com\/c\/medizinfuchs"]},{"@type":"Person","@id":"https:\/\/www.medizinfuchs.de\/blog\/#\/schema\/person\/b0f7c84dfbefe8c55e13eb969d37c7e9","name":"medizinfuchs Redaktion","image":{"@type":"ImageObject","inLanguage":"de","@id":"https:\/\/secure.gravatar.com\/avatar\/b67f3fa695af6d724fcfce9e1452b50cb0526d9d16df48c6dc1dd20e5634204f?s=96&r=g","url":"https:\/\/secure.gravatar.com\/avatar\/b67f3fa695af6d724fcfce9e1452b50cb0526d9d16df48c6dc1dd20e5634204f?s=96&r=g","contentUrl":"https:\/\/secure.gravatar.com\/avatar\/b67f3fa695af6d724fcfce9e1452b50cb0526d9d16df48c6dc1dd20e5634204f?s=96&r=g","caption":"medizinfuchs Redaktion"},"description":"Die Blog-Redaktion von Deutschlands bestem Preisvergleich f\u00fcr Medikamente und Gesundheitsprodukte erstellt hier im Blog interessante Hintergr\u00fcnde, Wissenswertes und Unterhaltsames rund um die Themen Gesundheit, Ern\u00e4hrung, Wellness und Beauty.","sameAs":["https:\/\/www.medizinfuchs.de","https:\/\/www.facebook.com\/medizinfuchs","https:\/\/www.instagram.com\/medizinfuchs.de\/","https:\/\/de.pinterest.com\/medizinfuchs\/","https:\/\/x.com\/https:\/\/twitter.com\/medizinfuchs","http:\/\/medizinfuchs.tumblr.com\/"],"url":"https:\/\/www.medizinfuchs.de\/blog\/author\/mf\/"}]}},"_links":{"self":[{"href":"https:\/\/www.medizinfuchs.de\/blog\/wp-json\/wp\/v2\/posts\/1923","targetHints":{"allow":["GET"]}}],"collection":[{"href":"https:\/\/www.medizinfuchs.de\/blog\/wp-json\/wp\/v2\/posts"}],"about":[{"href":"https:\/\/www.medizinfuchs.de\/blog\/wp-json\/wp\/v2\/types\/post"}],"author":[{"embeddable":true,"href":"https:\/\/www.medizinfuchs.de\/blog\/wp-json\/wp\/v2\/users\/19"}],"replies":[{"embeddable":true,"href":"https:\/\/www.medizinfuchs.de\/blog\/wp-json\/wp\/v2\/comments?post=1923"}],"version-history":[{"count":0,"href":"https:\/\/www.medizinfuchs.de\/blog\/wp-json\/wp\/v2\/posts\/1923\/revisions"}],"wp:featuredmedia":[{"embeddable":true,"href":"https:\/\/www.medizinfuchs.de\/blog\/wp-json\/wp\/v2\/media\/1927"}],"wp:attachment":[{"href":"https:\/\/www.medizinfuchs.de\/blog\/wp-json\/wp\/v2\/media?parent=1923"}],"wp:term":[{"taxonomy":"category","embeddable":true,"href":"https:\/\/www.medizinfuchs.de\/blog\/wp-json\/wp\/v2\/categories?post=1923"},{"taxonomy":"post_tag","embeddable":true,"href":"https:\/\/www.medizinfuchs.de\/blog\/wp-json\/wp\/v2\/tags?post=1923"}],"curies":[{"name":"wp","href":"https:\/\/api.w.org\/{rel}","templated":true}]}}