{"id":9311,"date":"2018-05-28T08:40:31","date_gmt":"2018-05-28T06:40:31","guid":{"rendered":"https:\/\/www.medizinfuchs.de\/blog\/?p=9311"},"modified":"2019-09-02T10:18:40","modified_gmt":"2019-09-02T08:18:40","slug":"abitima-clinic-haut-sommer","status":"publish","type":"post","link":"https:\/\/www.medizinfuchs.de\/blog\/gesundheit\/top-produkte\/abitima-clinic-haut-sommer\/","title":{"rendered":"Mit ABITIMA\u00ae CLINIC trockener Haut im Sommer vorbeugen"},"content":{"rendered":"<div class=\"mks_pullquote mks_pullquote_left\" style=\"width:300px; font-size: 16px; color: #ffffff; background-color:#e64511;\">Endlich ist Sommer und wir freuen uns darauf, die Sonne und W\u00e4rme zu genie\u00dfen. Doch steigende Temperaturen und sch\u00e4dliche UV-Strahlen belasten unsere Haut und trocknen sie mit der Zeit aus. Wir zeigen Ihnen, welche Hautpflegeprodukte von\u00a0ABITIMA\u00ae CLINIC\u00a0Ihre Haut vor Feuchtigkeitsverlust sch\u00fctzen.<\/p>\n<p>(sponsored post)<\/p>\n<\/div>\n<p>Ein sch\u00f6nes Hautbild kennen viele Menschen meist nur aus ihrer Kindheit. Im Laufe des Lebens ver\u00e4ndert sich dieses jedoch. Diese Ver\u00e4nderung wird unter anderem durch die biologische Hautalterung, Umwelteinfl\u00fcsse, Stress, den eigenen Lebensstil und durch die <a href=\"https:\/\/www.medizinfuchs.de\/blog\/leben\/beauty-kosmetik-wellness\/gesunde-haut-durch-gesunde-ernaehrung\/?pid=486\" target=\"_blank\" rel=\"noopener noreferrer\">Ern\u00e4hrung<\/a> gepr\u00e4gt. Viele Menschen neigen auch in der Sommerzeit zu trockener und irritierter Haut. Doch mit der richtigen Hautpflege von <a href=\"http:\/\/www.abitima-clinic.de\" target=\"_blank\" rel=\"noopener noreferrer\">ABITIMA\u00ae CLINIC<\/a> lassen sich Feuchtigkeitsverlust und trockene Haut vorbeugen.<\/p>\n<h2>ABITIMA\u00ae CLINIC &#8211; Schutz und Pflege beanspruchter Haut<\/h2>\n<p>Die medizinische <a href=\"https:\/\/www.medizinfuchs.de\/abitima-clinic.html?pid=486\" target=\"_blank\" rel=\"noopener noreferrer\">Hautpflegeserie<\/a>\u00a0wurde speziell f\u00fcr trockene, gereizte und strapazierte Haut entwickelt und kann begleitend bei <a href=\"https:\/\/www.medizinfuchs.de\/arzneimittel-weiteres\/haut-haare-naegel\/haut\/neurodermitis-k3228.phtml\">Neurodermitis<\/a>, Psoriasis und <a href=\"https:\/\/www.medizinfuchs.de\/arzneimittel-weiteres\/haut-haare-naegel\/haut\/ekzeme-k68.phtml\">Hautekzemen<\/a> eingesetzt werden. Feuchtigkeitsspendende und pflegende Inhaltsstoffe sorgen f\u00fcr eine Beruhigung gestresster und gereizter Hautzust\u00e4nde und f\u00f6rdern <a href=\"https:\/\/www.medizinfuchs.de\/kosmetik-koerperpflege\/koerper\/trockene-haut-k2603.phtml?pid=486\" target=\"_blank\" rel=\"noopener noreferrer\">Regeneration der trockenen und strapazierten Haut<\/a>.<\/p>\n<h2>ABITIMA\u00ae CLINIC bei trockener Haut im Sommer<\/h2>\n<p><a href=\"https:\/\/www.medizinfuchs.de\/preisvergleich\/abitima-clinic-koerperlotion-200-ml-puren-pharma-gmbh-co.-kg-pzn-6812466.html\" target=\"_blank\" rel=\"abitima\u00ae clinic k\u00f6rperlotion noopener noreferrer\"><img loading=\"lazy\" decoding=\"async\" class=\"alignleft wp-image-9319 size-medium\" title=\"ABITIMA\u00ae CLINIC K\u00f6rperlotion\" src=\"https:\/\/www.medizinfuchs.de\/blog\/wp-content\/uploads\/2018\/04\/06812466-300x300.jpg\" alt=\"ABITIMA\u00ae CLINIC K\u00f6rperlotion\" width=\"300\" height=\"300\" srcset=\"https:\/\/www.medizinfuchs.de\/blog\/wp-content\/uploads\/2018\/04\/06812466-300x300.jpg 300w, https:\/\/www.medizinfuchs.de\/blog\/wp-content\/uploads\/2018\/04\/06812466-150x150.jpg 150w, https:\/\/www.medizinfuchs.de\/blog\/wp-content\/uploads\/2018\/04\/06812466-410x410.jpg 410w, https:\/\/www.medizinfuchs.de\/blog\/wp-content\/uploads\/2018\/04\/06812466.jpg 500w\" sizes=\"auto, (max-width: 300px) 100vw, 300px\" \/><\/a><\/p>\n<p>ABITIMA\u00ae CLINIC\u00a0<strong>K\u00f6rperlotion<\/strong><\/p>\n<p>Die leichte K\u00f6rperlotion mit nat\u00fcrlichem Lanolin, Glycerin, Vitamin B3 und Sheabutter sorgt f\u00fcr eine wohltuende Feuchtigkeitsregulierung und eignet sich optimal als Pflege und zur Vorbeugung von trockener Haut. Lanolin, auch Wollwachs genannt, verleiht der <a href=\"https:\/\/www.medizinfuchs.de\/preisvergleich\/abitima-clinic-koerperlotion-200-ml-puren-pharma-gmbh-co.-kg-pzn-6812466.html?pid=486\" target=\"_blank\" rel=\"noopener noreferrer\">ABITIMA\u00ae CLINIC K\u00f6rperlotion<\/a> perfekte kosmetische Eigenschaften und macht das Hautbild geschmeidig und weich. Vitamin B3 besitzt eine f\u00f6rdernde Wirkung auf die Kollagenfasern und Hautfette innerhalb der verschiedenen Hautschichten. Dadurch kann das wichtige Vitamin die Hauterneuerung beschleunigen und das Hautbild verfeinern. Dank ihrer nicht fettenden Konsistenz zieht die Lotion rasch ein. Damit ist sie eine ideale Pflege im Sommer f\u00fcr die ganze Familie.<strong><br \/>\n<\/strong><\/p>\n<p><a href=\"https:\/\/www.medizinfuchs.de\/preisvergleich\/abitima-clinic-koerpergel-125-ml-puren-pharma-gmbh-co.-kg-pzn-6812354.html\" target=\"_blank\" rel=\"abitima\u00ae clinic k\u00f6rpergel noopener noreferrer\"><img loading=\"lazy\" decoding=\"async\" class=\"alignleft wp-image-9318 size-medium\" title=\"ABITIMA\u00ae CLINIC K\u00f6rpergel\" src=\"https:\/\/www.medizinfuchs.de\/blog\/wp-content\/uploads\/2018\/04\/06812354-300x300.jpg\" alt=\"ABITIMA\u00ae CLINIC K\u00f6rpergel\" width=\"300\" height=\"300\" srcset=\"https:\/\/www.medizinfuchs.de\/blog\/wp-content\/uploads\/2018\/04\/06812354-300x300.jpg 300w, https:\/\/www.medizinfuchs.de\/blog\/wp-content\/uploads\/2018\/04\/06812354-150x150.jpg 150w, https:\/\/www.medizinfuchs.de\/blog\/wp-content\/uploads\/2018\/04\/06812354-410x410.jpg 410w, https:\/\/www.medizinfuchs.de\/blog\/wp-content\/uploads\/2018\/04\/06812354.jpg 500w\" sizes=\"auto, (max-width: 300px) 100vw, 300px\" \/><\/a><\/p>\n<p>ABITIMA\u00ae CLINIC\u00a0<strong>K\u00f6rpergel<\/strong><\/p>\n<p>Das neutrale, transparente <a href=\"https:\/\/www.medizinfuchs.de\/preisvergleich\/abitima-clinic-koerpergel-125-ml-puren-pharma-gmbh-co.-kg-pzn-6812354.html?pid=486\" target=\"_blank\" rel=\"noopener noreferrer\">ABITIMA\u00ae CLINIC K\u00f6rpergel<\/a> fettet nicht, zieht schnell ein und spendet der Haut wohltuende Feuchtigkeit. Dabei hinterl\u00e4sst es ein entspanntes und angenehmes Hautgef\u00fchl. Das sanfte Gel mit Glycerin und Panthenol ist eine erfrischende und beruhigende Pflege &#8211; ideal nach der Rasur oder nach einem Sonnenbad. Das K\u00f6rpergel eignet sich f\u00fcr die t\u00e4gliche Pflege von empfindlicher und feuchtigkeitsarmer Haut im Gesicht und am K\u00f6rper und hilft dabei die Haut sanft zu regenerieren.<\/p>\n<h2><\/h2>\n<a class=\"mks_button mks_button_large squared\" href=\"https:\/\/www.medizinfuchs.de\/abitima-clinic\" target=\"_blank\" style=\"color: #FFFFFF; background-color: #e64511;\" >ABITIMA\u00ae CLINIC Produkte<\/a>\n<h2>Ausgleichen des Fl\u00fcssigkeitsverlustes<\/h2>\n<p>Schwitzen, W\u00e4rme und <a href=\"https:\/\/www.medizinfuchs.de\/kosmetik-koerperpflege\/sonnenschutz-pflege-k3333.phtml?pid=486\" target=\"_blank\" rel=\"noopener noreferrer\">Sonne<\/a> f\u00fchren zu einem Feuchtigkeitsverlust in den oberen Hautschichten. Dieser muss unbedingt ausgeglichen werden, damit das Hautbild weiterhin gesund, geschmeidig und glatt bleibt. Dank des h\u00f6heren Wassergehaltes gleichen beide <a href=\"https:\/\/www.medizinfuchs.de\/abitima-clinic.html?pid=486\" target=\"_blank\" rel=\"noopener noreferrer\">ABITIMA\u00ae CLINIC\u00a0<\/a>Pflegeprodukte den Verlust an Feuchtigkeit sehr gut aus und k\u00f6nnen somit Hautspannungen, <a href=\"https:\/\/www.medizinfuchs.de\/arzneimittel-weiteres\/allergie-asthma\/juckreiz-k114.phtml\" target=\"_blank\" rel=\"noopener noreferrer\">Juckreiz<\/a> und trockenen Hautstellen vorbeugen. Abschlie\u00dfend l\u00e4sst sich sagen, dass sowohl\u00a0die <a href=\"https:\/\/www.medizinfuchs.de\/preisvergleich\/abitima-clinic-koerperlotion-200-ml-puren-pharma-gmbh-co.-kg-pzn-6812466.html?pid=486\" target=\"_blank\" rel=\"noopener noreferrer\">ABITIMA\u00ae CLINIC K\u00f6rperlotion<\/a> und das\u00a0<a href=\"https:\/\/www.medizinfuchs.de\/preisvergleich\/abitima-clinic-koerpergel-125-ml-puren-pharma-gmbh-co.-kg-pzn-6812354.html?pid=486\" target=\"_blank\" rel=\"noopener noreferrer\">ABITIMA\u00ae CLINIC\u00a0K\u00f6rpergel<\/a> perfekte Begleiter f\u00fcr den Sommer sind. Durch ihre hautschonenden und feuchtigkeitsspendenden Eigenschaften k\u00f6nnen sie, gerade nach dem Sonnenbad, einer pflegebed\u00fcrftigen Haut den optimalen Schutz erm\u00f6glichen.<\/p>\n<h2>Welche Pflegeprodukte von\u00a0ABITIMA\u00ae CLINIC verwenden Sie nach dem Sonnenbad? Wir freuen uns schon auf Ihren Kommentar.<\/h2>\n","protected":false},"excerpt":{"rendered":"<p>Ein sch\u00f6nes Hautbild kennen viele Menschen meist nur aus ihrer Kindheit. Im Laufe des Lebens ver\u00e4ndert sich dieses jedoch. Diese Ver\u00e4nderung wird unter anderem durch die biologische Hautalterung, Umwelteinfl\u00fcsse, Stress, den eigenen Lebensstil und durch die Ern\u00e4hrung gepr\u00e4gt. Viele Menschen neigen auch in der Sommerzeit zu trockener und irritierter Haut. Doch mit der richtigen Hautpflege [&hellip;]<\/p>\n","protected":false},"author":19,"featured_media":9347,"comment_status":"open","ping_status":"open","sticky":false,"template":"","format":"standard","meta":{"footnotes":""},"categories":[875],"tags":[956,1072,759,1075,184,60,833,1074,958,1073,957,579,63,954],"class_list":["post-9311","post","type-post","status-publish","format-standard","has-post-thumbnail","hentry","category-top-produkte","tag-abitima-clinic","tag-abitimaclinic","tag-creme","tag-feuchtigkeit","tag-hautpflege","tag-hautschutz","tag-koerper","tag-koerperpflege","tag-lotion","tag-neurodermitis","tag-puren","tag-sonne","tag-sonnenbrand","tag-trockene-haut"],"yoast_head":"<!-- This site is optimized with the Yoast SEO plugin v27.4 - https:\/\/yoast.com\/product\/yoast-seo-wordpress\/ -->\n<title>Mit ABITIMA\u00ae CLINIC trockener Haut im Sommer vorbeugen<\/title>\n<meta name=\"description\" content=\"Sonne und W\u00e4rme trocknen Ihre Haut im Sommer schnell aus? Oder leiden Sie das ganze Jahr an trockenen Hautstellen oder Neurodermitis? Mit den Pflegeprodukten von ABITIMA\u00ae CLINIC wird Ihre Haut gepflegt und die Produkte spenden die n\u00f6tige Feuchtigkeit. Lesen Sie hier mehr.\" \/>\n<meta name=\"robots\" content=\"index, follow, max-snippet:-1, max-image-preview:large, max-video-preview:-1\" \/>\n<link rel=\"canonical\" href=\"https:\/\/www.medizinfuchs.de\/blog\/gesundheit\/top-produkte\/abitima-clinic-haut-sommer\/\" \/>\n<meta property=\"og:locale\" content=\"de_DE\" \/>\n<meta property=\"og:type\" content=\"article\" \/>\n<meta property=\"og:title\" content=\"Mit ABITIMA\u00ae CLINIC trockener Haut im Sommer vorbeugen\" \/>\n<meta property=\"og:description\" content=\"Sonne und W\u00e4rme trocknen Ihre Haut im Sommer schnell aus? Oder leiden Sie das ganze Jahr an trockenen Hautstellen oder Neurodermitis? Mit den Pflegeprodukten von ABITIMA\u00ae CLINIC wird Ihre Haut gepflegt und die Produkte spenden die n\u00f6tige Feuchtigkeit. Lesen Sie hier mehr.\" \/>\n<meta property=\"og:url\" content=\"https:\/\/www.medizinfuchs.de\/blog\/gesundheit\/top-produkte\/abitima-clinic-haut-sommer\/\" \/>\n<meta property=\"og:site_name\" content=\"medizinfuchs Blog\" \/>\n<meta property=\"article:publisher\" content=\"https:\/\/www.facebook.com\/medizinfuchs\" \/>\n<meta property=\"article:author\" content=\"https:\/\/www.facebook.com\/medizinfuchs\" \/>\n<meta property=\"article:published_time\" content=\"2018-05-28T06:40:31+00:00\" \/>\n<meta property=\"article:modified_time\" content=\"2019-09-02T08:18:40+00:00\" \/>\n<meta property=\"og:image\" content=\"https:\/\/www.medizinfuchs.de\/blog\/wp-content\/uploads\/2018\/05\/abitima-clinic-sommer-hautpflege.jpeg\" \/>\n\t<meta property=\"og:image:width\" content=\"2120\" \/>\n\t<meta property=\"og:image:height\" content=\"1414\" \/>\n\t<meta property=\"og:image:type\" content=\"image\/jpeg\" \/>\n<meta name=\"author\" content=\"medizinfuchs Redaktion\" \/>\n<meta name=\"twitter:card\" content=\"summary_large_image\" \/>\n<meta name=\"twitter:creator\" content=\"@https:\/\/twitter.com\/medizinfuchs\" \/>\n<meta name=\"twitter:site\" content=\"@medizinfuchs\" \/>\n<meta name=\"twitter:label1\" content=\"Verfasst von\" \/>\n\t<meta name=\"twitter:data1\" content=\"medizinfuchs Redaktion\" \/>\n\t<meta name=\"twitter:label2\" content=\"Gesch\u00e4tzte Lesezeit\" \/>\n\t<meta name=\"twitter:data2\" content=\"3\u00a0Minuten\" \/>\n<script type=\"application\/ld+json\" class=\"yoast-schema-graph\">{\"@context\":\"https:\\\/\\\/schema.org\",\"@graph\":[{\"@type\":[\"Article\",\"BlogPosting\"],\"@id\":\"https:\\\/\\\/www.medizinfuchs.de\\\/blog\\\/gesundheit\\\/top-produkte\\\/abitima-clinic-haut-sommer\\\/#article\",\"isPartOf\":{\"@id\":\"https:\\\/\\\/www.medizinfuchs.de\\\/blog\\\/gesundheit\\\/top-produkte\\\/abitima-clinic-haut-sommer\\\/\"},\"author\":{\"name\":\"medizinfuchs Redaktion\",\"@id\":\"https:\\\/\\\/www.medizinfuchs.de\\\/blog\\\/#\\\/schema\\\/person\\\/b0f7c84dfbefe8c55e13eb969d37c7e9\"},\"headline\":\"Mit ABITIMA\u00ae CLINIC trockener Haut im Sommer vorbeugen\",\"datePublished\":\"2018-05-28T06:40:31+00:00\",\"dateModified\":\"2019-09-02T08:18:40+00:00\",\"mainEntityOfPage\":{\"@id\":\"https:\\\/\\\/www.medizinfuchs.de\\\/blog\\\/gesundheit\\\/top-produkte\\\/abitima-clinic-haut-sommer\\\/\"},\"wordCount\":545,\"commentCount\":0,\"publisher\":{\"@id\":\"https:\\\/\\\/www.medizinfuchs.de\\\/blog\\\/#organization\"},\"image\":{\"@id\":\"https:\\\/\\\/www.medizinfuchs.de\\\/blog\\\/gesundheit\\\/top-produkte\\\/abitima-clinic-haut-sommer\\\/#primaryimage\"},\"thumbnailUrl\":\"https:\\\/\\\/www.medizinfuchs.de\\\/blog\\\/wp-content\\\/uploads\\\/2018\\\/05\\\/abitima-clinic-sommer-hautpflege.jpeg\",\"keywords\":[\"Abitima Clinic\",\"ABITIMA\u00aeCLINIC\",\"creme\",\"Feuchtigkeit\",\"hautpflege\",\"hautschutz\",\"K\u00f6rper\",\"K\u00f6rperpflege\",\"Lotion\",\"Neurodermitis\",\"Puren\",\"Sonne\",\"sonnenbrand\",\"trockene Haut\"],\"articleSection\":[\"Top Produkte\"],\"inLanguage\":\"de\",\"potentialAction\":[{\"@type\":\"CommentAction\",\"name\":\"Comment\",\"target\":[\"https:\\\/\\\/www.medizinfuchs.de\\\/blog\\\/gesundheit\\\/top-produkte\\\/abitima-clinic-haut-sommer\\\/#respond\"]}]},{\"@type\":\"WebPage\",\"@id\":\"https:\\\/\\\/www.medizinfuchs.de\\\/blog\\\/gesundheit\\\/top-produkte\\\/abitima-clinic-haut-sommer\\\/\",\"url\":\"https:\\\/\\\/www.medizinfuchs.de\\\/blog\\\/gesundheit\\\/top-produkte\\\/abitima-clinic-haut-sommer\\\/\",\"name\":\"Mit ABITIMA\u00ae CLINIC trockener Haut im Sommer vorbeugen\",\"isPartOf\":{\"@id\":\"https:\\\/\\\/www.medizinfuchs.de\\\/blog\\\/#website\"},\"primaryImageOfPage\":{\"@id\":\"https:\\\/\\\/www.medizinfuchs.de\\\/blog\\\/gesundheit\\\/top-produkte\\\/abitima-clinic-haut-sommer\\\/#primaryimage\"},\"image\":{\"@id\":\"https:\\\/\\\/www.medizinfuchs.de\\\/blog\\\/gesundheit\\\/top-produkte\\\/abitima-clinic-haut-sommer\\\/#primaryimage\"},\"thumbnailUrl\":\"https:\\\/\\\/www.medizinfuchs.de\\\/blog\\\/wp-content\\\/uploads\\\/2018\\\/05\\\/abitima-clinic-sommer-hautpflege.jpeg\",\"datePublished\":\"2018-05-28T06:40:31+00:00\",\"dateModified\":\"2019-09-02T08:18:40+00:00\",\"description\":\"Sonne und W\u00e4rme trocknen Ihre Haut im Sommer schnell aus? Oder leiden Sie das ganze Jahr an trockenen Hautstellen oder Neurodermitis? Mit den Pflegeprodukten von ABITIMA\u00ae CLINIC wird Ihre Haut gepflegt und die Produkte spenden die n\u00f6tige Feuchtigkeit. Lesen Sie hier mehr.\",\"breadcrumb\":{\"@id\":\"https:\\\/\\\/www.medizinfuchs.de\\\/blog\\\/gesundheit\\\/top-produkte\\\/abitima-clinic-haut-sommer\\\/#breadcrumb\"},\"inLanguage\":\"de\",\"potentialAction\":[{\"@type\":\"ReadAction\",\"target\":[\"https:\\\/\\\/www.medizinfuchs.de\\\/blog\\\/gesundheit\\\/top-produkte\\\/abitima-clinic-haut-sommer\\\/\"]}]},{\"@type\":\"ImageObject\",\"inLanguage\":\"de\",\"@id\":\"https:\\\/\\\/www.medizinfuchs.de\\\/blog\\\/gesundheit\\\/top-produkte\\\/abitima-clinic-haut-sommer\\\/#primaryimage\",\"url\":\"https:\\\/\\\/www.medizinfuchs.de\\\/blog\\\/wp-content\\\/uploads\\\/2018\\\/05\\\/abitima-clinic-sommer-hautpflege.jpeg\",\"contentUrl\":\"https:\\\/\\\/www.medizinfuchs.de\\\/blog\\\/wp-content\\\/uploads\\\/2018\\\/05\\\/abitima-clinic-sommer-hautpflege.jpeg\",\"width\":2120,\"height\":1414,\"caption\":\"ABITIMA\u00ae CLINIC trockene Haut\"},{\"@type\":\"BreadcrumbList\",\"@id\":\"https:\\\/\\\/www.medizinfuchs.de\\\/blog\\\/gesundheit\\\/top-produkte\\\/abitima-clinic-haut-sommer\\\/#breadcrumb\",\"itemListElement\":[{\"@type\":\"ListItem\",\"position\":1,\"name\":\"Startseite\",\"item\":\"https:\\\/\\\/www.medizinfuchs.de\\\/blog\\\/\"},{\"@type\":\"ListItem\",\"position\":2,\"name\":\"Mit ABITIMA\u00ae CLINIC trockener Haut im Sommer vorbeugen\"}]},{\"@type\":\"WebSite\",\"@id\":\"https:\\\/\\\/www.medizinfuchs.de\\\/blog\\\/#website\",\"url\":\"https:\\\/\\\/www.medizinfuchs.de\\\/blog\\\/\",\"name\":\"medizinfuchs Blog\",\"description\":\"Das Blog von medizinfuchs\",\"publisher\":{\"@id\":\"https:\\\/\\\/www.medizinfuchs.de\\\/blog\\\/#organization\"},\"potentialAction\":[{\"@type\":\"SearchAction\",\"target\":{\"@type\":\"EntryPoint\",\"urlTemplate\":\"https:\\\/\\\/www.medizinfuchs.de\\\/blog\\\/?s={search_term_string}\"},\"query-input\":{\"@type\":\"PropertyValueSpecification\",\"valueRequired\":true,\"valueName\":\"search_term_string\"}}],\"inLanguage\":\"de\"},{\"@type\":\"Organization\",\"@id\":\"https:\\\/\\\/www.medizinfuchs.de\\\/blog\\\/#organization\",\"name\":\"Medizinfuchs\",\"url\":\"https:\\\/\\\/www.medizinfuchs.de\\\/blog\\\/\",\"logo\":{\"@type\":\"ImageObject\",\"inLanguage\":\"de\",\"@id\":\"https:\\\/\\\/www.medizinfuchs.de\\\/blog\\\/#\\\/schema\\\/logo\\\/image\\\/\",\"url\":\"https:\\\/\\\/www.medizinfuchs.de\\\/blog\\\/wp-content\\\/uploads\\\/2016\\\/05\\\/medizinfuchs_logo_blog_kl.png\",\"contentUrl\":\"https:\\\/\\\/www.medizinfuchs.de\\\/blog\\\/wp-content\\\/uploads\\\/2016\\\/05\\\/medizinfuchs_logo_blog_kl.png\",\"width\":300,\"height\":112,\"caption\":\"Medizinfuchs\"},\"image\":{\"@id\":\"https:\\\/\\\/www.medizinfuchs.de\\\/blog\\\/#\\\/schema\\\/logo\\\/image\\\/\"},\"sameAs\":[\"https:\\\/\\\/www.facebook.com\\\/medizinfuchs\",\"https:\\\/\\\/x.com\\\/medizinfuchs\",\"https:\\\/\\\/www.instagram.com\\\/medizinfuchs.de\\\/\",\"https:\\\/\\\/www.linkedin.com\\\/company\\\/10128774\",\"https:\\\/\\\/de.pinterest.com\\\/medizinfuchs\\\/\",\"https:\\\/\\\/www.youtube.com\\\/c\\\/medizinfuchs\"]},{\"@type\":\"Person\",\"@id\":\"https:\\\/\\\/www.medizinfuchs.de\\\/blog\\\/#\\\/schema\\\/person\\\/b0f7c84dfbefe8c55e13eb969d37c7e9\",\"name\":\"medizinfuchs Redaktion\",\"image\":{\"@type\":\"ImageObject\",\"inLanguage\":\"de\",\"@id\":\"https:\\\/\\\/secure.gravatar.com\\\/avatar\\\/b67f3fa695af6d724fcfce9e1452b50cb0526d9d16df48c6dc1dd20e5634204f?s=96&r=g\",\"url\":\"https:\\\/\\\/secure.gravatar.com\\\/avatar\\\/b67f3fa695af6d724fcfce9e1452b50cb0526d9d16df48c6dc1dd20e5634204f?s=96&r=g\",\"contentUrl\":\"https:\\\/\\\/secure.gravatar.com\\\/avatar\\\/b67f3fa695af6d724fcfce9e1452b50cb0526d9d16df48c6dc1dd20e5634204f?s=96&r=g\",\"caption\":\"medizinfuchs Redaktion\"},\"description\":\"Die Blog-Redaktion von Deutschlands bestem Preisvergleich f\u00fcr Medikamente und Gesundheitsprodukte erstellt hier im Blog interessante Hintergr\u00fcnde, Wissenswertes und Unterhaltsames rund um die Themen Gesundheit, Ern\u00e4hrung, Wellness und Beauty.\",\"sameAs\":[\"https:\\\/\\\/www.medizinfuchs.de\",\"https:\\\/\\\/www.facebook.com\\\/medizinfuchs\",\"https:\\\/\\\/www.instagram.com\\\/medizinfuchs.de\\\/\",\"https:\\\/\\\/de.pinterest.com\\\/medizinfuchs\\\/\",\"https:\\\/\\\/x.com\\\/https:\\\/\\\/twitter.com\\\/medizinfuchs\",\"http:\\\/\\\/medizinfuchs.tumblr.com\\\/\"],\"url\":\"https:\\\/\\\/www.medizinfuchs.de\\\/blog\\\/author\\\/mf\\\/\"}]}<\/script>\n<!-- \/ Yoast SEO plugin. -->","yoast_head_json":{"title":"Mit ABITIMA\u00ae CLINIC trockener Haut im Sommer vorbeugen","description":"Sonne und W\u00e4rme trocknen Ihre Haut im Sommer schnell aus? Oder leiden Sie das ganze Jahr an trockenen Hautstellen oder Neurodermitis? Mit den Pflegeprodukten von ABITIMA\u00ae CLINIC wird Ihre Haut gepflegt und die Produkte spenden die n\u00f6tige Feuchtigkeit. Lesen Sie hier mehr.","robots":{"index":"index","follow":"follow","max-snippet":"max-snippet:-1","max-image-preview":"max-image-preview:large","max-video-preview":"max-video-preview:-1"},"canonical":"https:\/\/www.medizinfuchs.de\/blog\/gesundheit\/top-produkte\/abitima-clinic-haut-sommer\/","og_locale":"de_DE","og_type":"article","og_title":"Mit ABITIMA\u00ae CLINIC trockener Haut im Sommer vorbeugen","og_description":"Sonne und W\u00e4rme trocknen Ihre Haut im Sommer schnell aus? Oder leiden Sie das ganze Jahr an trockenen Hautstellen oder Neurodermitis? Mit den Pflegeprodukten von ABITIMA\u00ae CLINIC wird Ihre Haut gepflegt und die Produkte spenden die n\u00f6tige Feuchtigkeit. Lesen Sie hier mehr.","og_url":"https:\/\/www.medizinfuchs.de\/blog\/gesundheit\/top-produkte\/abitima-clinic-haut-sommer\/","og_site_name":"medizinfuchs Blog","article_publisher":"https:\/\/www.facebook.com\/medizinfuchs","article_author":"https:\/\/www.facebook.com\/medizinfuchs","article_published_time":"2018-05-28T06:40:31+00:00","article_modified_time":"2019-09-02T08:18:40+00:00","og_image":[{"width":2120,"height":1414,"url":"https:\/\/www.medizinfuchs.de\/blog\/wp-content\/uploads\/2018\/05\/abitima-clinic-sommer-hautpflege.jpeg","type":"image\/jpeg"}],"author":"medizinfuchs Redaktion","twitter_card":"summary_large_image","twitter_creator":"@https:\/\/twitter.com\/medizinfuchs","twitter_site":"@medizinfuchs","twitter_misc":{"Verfasst von":"medizinfuchs Redaktion","Gesch\u00e4tzte Lesezeit":"3\u00a0Minuten"},"schema":{"@context":"https:\/\/schema.org","@graph":[{"@type":["Article","BlogPosting"],"@id":"https:\/\/www.medizinfuchs.de\/blog\/gesundheit\/top-produkte\/abitima-clinic-haut-sommer\/#article","isPartOf":{"@id":"https:\/\/www.medizinfuchs.de\/blog\/gesundheit\/top-produkte\/abitima-clinic-haut-sommer\/"},"author":{"name":"medizinfuchs Redaktion","@id":"https:\/\/www.medizinfuchs.de\/blog\/#\/schema\/person\/b0f7c84dfbefe8c55e13eb969d37c7e9"},"headline":"Mit ABITIMA\u00ae CLINIC trockener Haut im Sommer vorbeugen","datePublished":"2018-05-28T06:40:31+00:00","dateModified":"2019-09-02T08:18:40+00:00","mainEntityOfPage":{"@id":"https:\/\/www.medizinfuchs.de\/blog\/gesundheit\/top-produkte\/abitima-clinic-haut-sommer\/"},"wordCount":545,"commentCount":0,"publisher":{"@id":"https:\/\/www.medizinfuchs.de\/blog\/#organization"},"image":{"@id":"https:\/\/www.medizinfuchs.de\/blog\/gesundheit\/top-produkte\/abitima-clinic-haut-sommer\/#primaryimage"},"thumbnailUrl":"https:\/\/www.medizinfuchs.de\/blog\/wp-content\/uploads\/2018\/05\/abitima-clinic-sommer-hautpflege.jpeg","keywords":["Abitima Clinic","ABITIMA\u00aeCLINIC","creme","Feuchtigkeit","hautpflege","hautschutz","K\u00f6rper","K\u00f6rperpflege","Lotion","Neurodermitis","Puren","Sonne","sonnenbrand","trockene Haut"],"articleSection":["Top Produkte"],"inLanguage":"de","potentialAction":[{"@type":"CommentAction","name":"Comment","target":["https:\/\/www.medizinfuchs.de\/blog\/gesundheit\/top-produkte\/abitima-clinic-haut-sommer\/#respond"]}]},{"@type":"WebPage","@id":"https:\/\/www.medizinfuchs.de\/blog\/gesundheit\/top-produkte\/abitima-clinic-haut-sommer\/","url":"https:\/\/www.medizinfuchs.de\/blog\/gesundheit\/top-produkte\/abitima-clinic-haut-sommer\/","name":"Mit ABITIMA\u00ae CLINIC trockener Haut im Sommer vorbeugen","isPartOf":{"@id":"https:\/\/www.medizinfuchs.de\/blog\/#website"},"primaryImageOfPage":{"@id":"https:\/\/www.medizinfuchs.de\/blog\/gesundheit\/top-produkte\/abitima-clinic-haut-sommer\/#primaryimage"},"image":{"@id":"https:\/\/www.medizinfuchs.de\/blog\/gesundheit\/top-produkte\/abitima-clinic-haut-sommer\/#primaryimage"},"thumbnailUrl":"https:\/\/www.medizinfuchs.de\/blog\/wp-content\/uploads\/2018\/05\/abitima-clinic-sommer-hautpflege.jpeg","datePublished":"2018-05-28T06:40:31+00:00","dateModified":"2019-09-02T08:18:40+00:00","description":"Sonne und W\u00e4rme trocknen Ihre Haut im Sommer schnell aus? Oder leiden Sie das ganze Jahr an trockenen Hautstellen oder Neurodermitis? Mit den Pflegeprodukten von ABITIMA\u00ae CLINIC wird Ihre Haut gepflegt und die Produkte spenden die n\u00f6tige Feuchtigkeit. Lesen Sie hier mehr.","breadcrumb":{"@id":"https:\/\/www.medizinfuchs.de\/blog\/gesundheit\/top-produkte\/abitima-clinic-haut-sommer\/#breadcrumb"},"inLanguage":"de","potentialAction":[{"@type":"ReadAction","target":["https:\/\/www.medizinfuchs.de\/blog\/gesundheit\/top-produkte\/abitima-clinic-haut-sommer\/"]}]},{"@type":"ImageObject","inLanguage":"de","@id":"https:\/\/www.medizinfuchs.de\/blog\/gesundheit\/top-produkte\/abitima-clinic-haut-sommer\/#primaryimage","url":"https:\/\/www.medizinfuchs.de\/blog\/wp-content\/uploads\/2018\/05\/abitima-clinic-sommer-hautpflege.jpeg","contentUrl":"https:\/\/www.medizinfuchs.de\/blog\/wp-content\/uploads\/2018\/05\/abitima-clinic-sommer-hautpflege.jpeg","width":2120,"height":1414,"caption":"ABITIMA\u00ae CLINIC trockene Haut"},{"@type":"BreadcrumbList","@id":"https:\/\/www.medizinfuchs.de\/blog\/gesundheit\/top-produkte\/abitima-clinic-haut-sommer\/#breadcrumb","itemListElement":[{"@type":"ListItem","position":1,"name":"Startseite","item":"https:\/\/www.medizinfuchs.de\/blog\/"},{"@type":"ListItem","position":2,"name":"Mit ABITIMA\u00ae CLINIC trockener Haut im Sommer vorbeugen"}]},{"@type":"WebSite","@id":"https:\/\/www.medizinfuchs.de\/blog\/#website","url":"https:\/\/www.medizinfuchs.de\/blog\/","name":"medizinfuchs Blog","description":"Das Blog von medizinfuchs","publisher":{"@id":"https:\/\/www.medizinfuchs.de\/blog\/#organization"},"potentialAction":[{"@type":"SearchAction","target":{"@type":"EntryPoint","urlTemplate":"https:\/\/www.medizinfuchs.de\/blog\/?s={search_term_string}"},"query-input":{"@type":"PropertyValueSpecification","valueRequired":true,"valueName":"search_term_string"}}],"inLanguage":"de"},{"@type":"Organization","@id":"https:\/\/www.medizinfuchs.de\/blog\/#organization","name":"Medizinfuchs","url":"https:\/\/www.medizinfuchs.de\/blog\/","logo":{"@type":"ImageObject","inLanguage":"de","@id":"https:\/\/www.medizinfuchs.de\/blog\/#\/schema\/logo\/image\/","url":"https:\/\/www.medizinfuchs.de\/blog\/wp-content\/uploads\/2016\/05\/medizinfuchs_logo_blog_kl.png","contentUrl":"https:\/\/www.medizinfuchs.de\/blog\/wp-content\/uploads\/2016\/05\/medizinfuchs_logo_blog_kl.png","width":300,"height":112,"caption":"Medizinfuchs"},"image":{"@id":"https:\/\/www.medizinfuchs.de\/blog\/#\/schema\/logo\/image\/"},"sameAs":["https:\/\/www.facebook.com\/medizinfuchs","https:\/\/x.com\/medizinfuchs","https:\/\/www.instagram.com\/medizinfuchs.de\/","https:\/\/www.linkedin.com\/company\/10128774","https:\/\/de.pinterest.com\/medizinfuchs\/","https:\/\/www.youtube.com\/c\/medizinfuchs"]},{"@type":"Person","@id":"https:\/\/www.medizinfuchs.de\/blog\/#\/schema\/person\/b0f7c84dfbefe8c55e13eb969d37c7e9","name":"medizinfuchs Redaktion","image":{"@type":"ImageObject","inLanguage":"de","@id":"https:\/\/secure.gravatar.com\/avatar\/b67f3fa695af6d724fcfce9e1452b50cb0526d9d16df48c6dc1dd20e5634204f?s=96&r=g","url":"https:\/\/secure.gravatar.com\/avatar\/b67f3fa695af6d724fcfce9e1452b50cb0526d9d16df48c6dc1dd20e5634204f?s=96&r=g","contentUrl":"https:\/\/secure.gravatar.com\/avatar\/b67f3fa695af6d724fcfce9e1452b50cb0526d9d16df48c6dc1dd20e5634204f?s=96&r=g","caption":"medizinfuchs Redaktion"},"description":"Die Blog-Redaktion von Deutschlands bestem Preisvergleich f\u00fcr Medikamente und Gesundheitsprodukte erstellt hier im Blog interessante Hintergr\u00fcnde, Wissenswertes und Unterhaltsames rund um die Themen Gesundheit, Ern\u00e4hrung, Wellness und Beauty.","sameAs":["https:\/\/www.medizinfuchs.de","https:\/\/www.facebook.com\/medizinfuchs","https:\/\/www.instagram.com\/medizinfuchs.de\/","https:\/\/de.pinterest.com\/medizinfuchs\/","https:\/\/x.com\/https:\/\/twitter.com\/medizinfuchs","http:\/\/medizinfuchs.tumblr.com\/"],"url":"https:\/\/www.medizinfuchs.de\/blog\/author\/mf\/"}]}},"_links":{"self":[{"href":"https:\/\/www.medizinfuchs.de\/blog\/wp-json\/wp\/v2\/posts\/9311","targetHints":{"allow":["GET"]}}],"collection":[{"href":"https:\/\/www.medizinfuchs.de\/blog\/wp-json\/wp\/v2\/posts"}],"about":[{"href":"https:\/\/www.medizinfuchs.de\/blog\/wp-json\/wp\/v2\/types\/post"}],"author":[{"embeddable":true,"href":"https:\/\/www.medizinfuchs.de\/blog\/wp-json\/wp\/v2\/users\/19"}],"replies":[{"embeddable":true,"href":"https:\/\/www.medizinfuchs.de\/blog\/wp-json\/wp\/v2\/comments?post=9311"}],"version-history":[{"count":0,"href":"https:\/\/www.medizinfuchs.de\/blog\/wp-json\/wp\/v2\/posts\/9311\/revisions"}],"wp:featuredmedia":[{"embeddable":true,"href":"https:\/\/www.medizinfuchs.de\/blog\/wp-json\/wp\/v2\/media\/9347"}],"wp:attachment":[{"href":"https:\/\/www.medizinfuchs.de\/blog\/wp-json\/wp\/v2\/media?parent=9311"}],"wp:term":[{"taxonomy":"category","embeddable":true,"href":"https:\/\/www.medizinfuchs.de\/blog\/wp-json\/wp\/v2\/categories?post=9311"},{"taxonomy":"post_tag","embeddable":true,"href":"https:\/\/www.medizinfuchs.de\/blog\/wp-json\/wp\/v2\/tags?post=9311"}],"curies":[{"name":"wp","href":"https:\/\/api.w.org\/{rel}","templated":true}]}}